{"id":847,"date":"2022-03-02T21:46:06","date_gmt":"2022-03-02T20:46:06","guid":{"rendered":"https:\/\/nijar.org\/?p=847"},"modified":"2022-12-24T09:58:42","modified_gmt":"2022-12-24T08:58:42","slug":"revista-marco-2022","status":"publish","type":"post","link":"https:\/\/nijar.org\/pt\/revista-marco-2022","title":{"rendered":"Jornal mar\u00e7o de 2022"},"content":{"rendered":"<p><strong>Tr\u00edade do Ser<\/strong><\/p>\n\n\n\n<p>Da \u00faltima vez fal\u00e1mos-vos da Tr\u00edade do Ser, concebida e oferecida ao Asharum por Yogin\u00e2m, por ocasi\u00e3o do seu 75\u00ba anivers\u00e1rio, como s\u00edmbolo de N\u00e2m. A Tr\u00edade do Ser tem um lugar e uma import\u00e2ncia especial no jardim, tanto para n\u00f3s como para os visitantes do Asharum, pois \u00e9 um ponto focal no passeio de medita\u00e7\u00e3o. Para al\u00e9m disso, ter a Tr\u00edade do Ser como orienta\u00e7\u00e3o cont\u00ednua enquanto fazemos as tarefas di\u00e1rias no jardim serve como um lembrete constante da verdadeira raz\u00e3o pela qual vivemos aqui. <\/p>\n\n\n\n<p>A Tr\u00edade do Ser simboliza a natureza humana, representando uma realiza\u00e7\u00e3o profunda na mais simples das formas. Por isso, a experi\u00eancia de subir e descer a Tr\u00edade do Ser gera um impulso muito particular, dif\u00edcil de explicar. <\/p>\n\n\n\n<p>Yogin\u00e2m escreveu um texto, especialmente dedicado \u00e0 Tr\u00edade do Ser. Se estiver interessado no significado mais profundo da Tr\u00edade do Ser, pode descarregar este texto <a href=\"https:\/\/livingnam.org\/wp-content\/uploads\/2022\/03\/20220301-The-Triad-of-Being.pdf\" target=\"_blank\" rel=\"noreferrer noopener\">aqui<\/a>.<\/p>\n\n\n\n<div style=\"height:50px\" aria-hidden=\"true\" class=\"wp-block-spacer\"><\/div>\n\n\n\n<figure class=\"wp-block-gallery has-nested-images columns-default is-cropped wp-block-gallery-1 is-layout-flex wp-block-gallery-is-layout-flex\">\n<figure class=\"wp-block-image size-large\"><a href=\"https:\/\/nijar.org\/wp-content\/uploads\/2022\/03\/1.jpg\"><img fetchpriority=\"high\" decoding=\"async\" width=\"829\" height=\"1024\" data-id=\"848\" src=\"https:\/\/nijar.org\/wp-content\/uploads\/2022\/03\/1-829x1024.jpg\" alt=\"\" class=\"wp-image-848\" srcset=\"https:\/\/nijar.org\/wp-content\/uploads\/2022\/03\/1-829x1024.jpg 829w, https:\/\/nijar.org\/wp-content\/uploads\/2022\/03\/1-600x741.jpg 600w, https:\/\/nijar.org\/wp-content\/uploads\/2022\/03\/1-243x300.jpg 243w, https:\/\/nijar.org\/wp-content\/uploads\/2022\/03\/1-768x948.jpg 768w, https:\/\/nijar.org\/wp-content\/uploads\/2022\/03\/1.jpg 1000w\" sizes=\"(max-width: 829px) 100vw, 829px\" \/><\/a><\/figure>\n\n\n\n<figure class=\"wp-block-image size-large\"><a href=\"https:\/\/nijar.org\/wp-content\/uploads\/2022\/03\/3.jpg\"><img decoding=\"async\" width=\"683\" height=\"1024\" data-id=\"850\" src=\"https:\/\/nijar.org\/wp-content\/uploads\/2022\/03\/3-683x1024.jpg\" alt=\"\" class=\"wp-image-850\" srcset=\"https:\/\/nijar.org\/wp-content\/uploads\/2022\/03\/3-683x1024.jpg 683w, https:\/\/nijar.org\/wp-content\/uploads\/2022\/03\/3-600x900.jpg 600w, https:\/\/nijar.org\/wp-content\/uploads\/2022\/03\/3-200x300.jpg 200w, https:\/\/nijar.org\/wp-content\/uploads\/2022\/03\/3-768x1152.jpg 768w, https:\/\/nijar.org\/wp-content\/uploads\/2022\/03\/3.jpg 1000w\" sizes=\"(max-width: 683px) 100vw, 683px\" \/><\/a><\/figure>\n<\/figure>\n\n\n\n<div style=\"height:50px\" aria-hidden=\"true\" class=\"wp-block-spacer\"><\/div>\n\n\n\n<p><strong>fevereiro: um m\u00eas quente<\/strong><\/p>\n\n\n\n<p>Tivemos um m\u00eas muito quente, com temperaturas que normalmente ocorrem em maio, pelo que foi uma altura agrad\u00e1vel para estar ao ar livre e trabalhar no jardim. Durante este \u00faltimo m\u00eas recebemos a visita da Cl\u00e1udia e do Igor, que ajudaram muito ativamente na cozinha e no jardim. A Cl\u00e1udia fez marmelada e conservou algumas das nossas azeitonas e o Igor moveu muitas pedras e ajudou o Edwin com os muros. Tamb\u00e9m tivemos algumas visitas durante o dia, como o Alexander e a Sana, o Ren\u00e9 e a Yvette e alguns novos amigos vizinhos, o Jack e a Helma. Estes foram muito generosos em oferecer-nos o seu estrume de cavalo para melhorar o nosso solo, e agora temos um grande monte de estrume de cavalo velho que podemos misturar com palha e usar como cobertura vegetal no nosso jardim. A Andr\u00e9e est\u00e1 a recuperar bem, um bra\u00e7o j\u00e1 est\u00e1 livre do gesso, pelo que j\u00e1 consegue fazer as coisas sozinha. Entretanto, aproveitou o tempo de recupera\u00e7\u00e3o para melhorar o seu espanhol.<\/p>\n\n\n\n<div style=\"height:50px\" aria-hidden=\"true\" class=\"wp-block-spacer\"><\/div>\n\n\n\n<figure class=\"wp-block-gallery has-nested-images columns-default is-cropped wp-block-gallery-2 is-layout-flex wp-block-gallery-is-layout-flex\">\n<figure class=\"wp-block-image size-large\"><a href=\"https:\/\/nijar.org\/wp-content\/uploads\/2022\/03\/IMG_2153.jpg\"><img decoding=\"async\" width=\"1024\" height=\"768\" data-id=\"855\" src=\"https:\/\/nijar.org\/wp-content\/uploads\/2022\/03\/IMG_2153-1024x768.jpg\" alt=\"\" class=\"wp-image-855\" srcset=\"https:\/\/nijar.org\/wp-content\/uploads\/2022\/03\/IMG_2153-1024x768.jpg 1024w, https:\/\/nijar.org\/wp-content\/uploads\/2022\/03\/IMG_2153-600x450.jpg 600w, https:\/\/nijar.org\/wp-content\/uploads\/2022\/03\/IMG_2153-300x225.jpg 300w, https:\/\/nijar.org\/wp-content\/uploads\/2022\/03\/IMG_2153-768x576.jpg 768w, https:\/\/nijar.org\/wp-content\/uploads\/2022\/03\/IMG_2153.jpg 1335w\" sizes=\"(max-width: 1024px) 100vw, 1024px\" \/><\/a><\/figure>\n<\/figure>\n\n\n\n<div style=\"height:50px\" aria-hidden=\"true\" class=\"wp-block-spacer\"><\/div>\n\n\n\n<p><strong>O jardim do Asharum Nijar: Regresso \u00e0s ra\u00edzes<\/strong><\/p>\n\n\n\n<p>Foram introduzidas algumas novidades no jardim, entre as quais algumas \u00e1rvores locais como a rom\u00e3, as amendoeiras, a aroeira e alguns arbustos como a murta, o espinheiro e uma esp\u00e9cie de giesta (cytisus maderensis). Tamb\u00e9m inici\u00e1mos um campo de morangos para nos dar um saboroso lanche de ver\u00e3o. Com estas novas adi\u00e7\u00f5es, o jardim est\u00e1 a ficar cada vez mais preenchido. A primeira tentativa deste ano de semear adubos verdes (como trevos, borragem e tremo\u00e7o) ainda n\u00e3o deu origem a novas plantas. O tempo tem estado muito seco (quase n\u00e3o choveu) e o solo fica muito duro, pelo que as sementes t\u00eam dificuldade em germinar nestas condi\u00e7\u00f5es. Em alguns pontos, onde enriquecemos o solo com terra extra para vasos, est\u00e3o a nascer. Nas pr\u00f3ximas semanas vamos tentar semear mais tipos diferentes e, com alguns cuidados extra e talvez alguma chuva, esperamos ter mais sucesso. <\/p>\n\n\n\n<p>Foi criada uma estufa, ou um viveiro de inverno, para podermos cultivar mudas enquanto o tempo exterior ainda \u00e9 um pouco agreste. O Martin fez a maior parte do trabalho de constru\u00e7\u00e3o e, quando ficou pronta, apercebemo-nos logo que precisava de alguma ventila\u00e7\u00e3o, pois aquece muito depressa com o sol do Mediterr\u00e2neo. No fim de semana passado, o Martin veio e fez duas belas janelas de correr na parte de tr\u00e1s da estufa. Esta semana vamos descobrir como controlar a temperatura no interior e podemos come\u00e7ar a germinar algumas culturas de ver\u00e3o como a melancia, o tomate, a ab\u00f3bora e o milho.<\/p>\n\n\n\n<div style=\"height:50px\" aria-hidden=\"true\" class=\"wp-block-spacer\"><\/div>\n\n\n\n<figure class=\"wp-block-gallery has-nested-images columns-default is-cropped wp-block-gallery-3 is-layout-flex wp-block-gallery-is-layout-flex\">\n<figure class=\"wp-block-image size-large\"><a href=\"https:\/\/nijar.org\/wp-content\/uploads\/2022\/03\/IMG_1010.jpg\"><img loading=\"lazy\" decoding=\"async\" width=\"769\" height=\"1024\" data-id=\"854\" src=\"https:\/\/nijar.org\/wp-content\/uploads\/2022\/03\/IMG_1010-769x1024.jpg\" alt=\"\" class=\"wp-image-854\" srcset=\"https:\/\/nijar.org\/wp-content\/uploads\/2022\/03\/IMG_1010-769x1024.jpg 769w, https:\/\/nijar.org\/wp-content\/uploads\/2022\/03\/IMG_1010-600x799.jpg 600w, https:\/\/nijar.org\/wp-content\/uploads\/2022\/03\/IMG_1010-225x300.jpg 225w, https:\/\/nijar.org\/wp-content\/uploads\/2022\/03\/IMG_1010-768x1022.jpg 768w, https:\/\/nijar.org\/wp-content\/uploads\/2022\/03\/IMG_1010.jpg 1127w\" sizes=\"(max-width: 769px) 100vw, 769px\" \/><\/a><\/figure>\n\n\n\n<figure class=\"wp-block-image size-large\"><a href=\"https:\/\/nijar.org\/wp-content\/uploads\/2022\/03\/IMG_6918.jpg\"><img loading=\"lazy\" decoding=\"async\" width=\"1024\" height=\"768\" data-id=\"857\" src=\"https:\/\/nijar.org\/wp-content\/uploads\/2022\/03\/IMG_6918-1024x768.jpg\" alt=\"\" class=\"wp-image-857\" srcset=\"https:\/\/nijar.org\/wp-content\/uploads\/2022\/03\/IMG_6918-1024x768.jpg 1024w, https:\/\/nijar.org\/wp-content\/uploads\/2022\/03\/IMG_6918-600x450.jpg 600w, https:\/\/nijar.org\/wp-content\/uploads\/2022\/03\/IMG_6918-300x225.jpg 300w, https:\/\/nijar.org\/wp-content\/uploads\/2022\/03\/IMG_6918-768x576.jpg 768w, https:\/\/nijar.org\/wp-content\/uploads\/2022\/03\/IMG_6918.jpg 1334w\" sizes=\"(max-width: 1024px) 100vw, 1024px\" \/><\/a><\/figure>\n<\/figure>\n\n\n\n<figure class=\"wp-block-image size-large\"><a href=\"https:\/\/nijar.org\/wp-content\/uploads\/2022\/03\/IMG_4403.jpg\"><img loading=\"lazy\" decoding=\"async\" width=\"1024\" height=\"768\" src=\"https:\/\/nijar.org\/wp-content\/uploads\/2022\/03\/IMG_4403-1024x768.jpg\" alt=\"\" class=\"wp-image-856\" srcset=\"https:\/\/nijar.org\/wp-content\/uploads\/2022\/03\/IMG_4403-1024x768.jpg 1024w, https:\/\/nijar.org\/wp-content\/uploads\/2022\/03\/IMG_4403-600x450.jpg 600w, https:\/\/nijar.org\/wp-content\/uploads\/2022\/03\/IMG_4403-300x225.jpg 300w, https:\/\/nijar.org\/wp-content\/uploads\/2022\/03\/IMG_4403-768x576.jpg 768w, https:\/\/nijar.org\/wp-content\/uploads\/2022\/03\/IMG_4403.jpg 1334w\" sizes=\"(max-width: 1024px) 100vw, 1024px\" \/><\/a><\/figure>\n\n\n\n<div style=\"height:50px\" aria-hidden=\"true\" class=\"wp-block-spacer\"><\/div>\n\n\n\n<p><strong>Construir e melhorar<\/strong><\/p>\n\n\n\n<p>Junto \u00e0 cozinha, est\u00e1 a ser constru\u00eddo um novo terra\u00e7o. Foi erguido um novo muro na extremidade do terra\u00e7o existente e, por detr\u00e1s dele, este novo terra\u00e7o ficar\u00e1 ao sol, estando protegido da dire\u00e7\u00e3o principal do vento. \u00c9 tamb\u00e9m um local onde nos podemos sentar sem sermos vistos da via p\u00fablica, pelo que oferece um pouco mais de privacidade e \u00e9 um local perfeito para secar a nossa roupa. At\u00e9 agora, os estendais da lavandaria t\u00eam-se deslocado pelo local e, com as s\u00fabitas rajadas de vento, aconteceu mais do que uma vez ca\u00edrem, por vezes sujando a roupa acabada de lavar antes de a podermos usar. Pode parecer trivial, mas o facto de podermos esconder a roupa da vista da rua melhora o aspeto geral do nosso Asharum.<\/p>\n\n\n\n<div style=\"height:50px\" aria-hidden=\"true\" class=\"wp-block-spacer\"><\/div>\n\n\n\n<figure class=\"wp-block-gallery has-nested-images columns-default is-cropped wp-block-gallery-4 is-layout-flex wp-block-gallery-is-layout-flex\">\n<figure class=\"wp-block-image size-full\"><a href=\"https:\/\/nijar.org\/wp-content\/uploads\/2022\/03\/IMG_6947.jpg\"><img loading=\"lazy\" decoding=\"async\" width=\"1000\" height=\"750\" data-id=\"859\" src=\"https:\/\/nijar.org\/wp-content\/uploads\/2022\/03\/IMG_6947.jpg\" alt=\"\" class=\"wp-image-859\" srcset=\"https:\/\/nijar.org\/wp-content\/uploads\/2022\/03\/IMG_6947.jpg 1000w, https:\/\/nijar.org\/wp-content\/uploads\/2022\/03\/IMG_6947-600x450.jpg 600w, https:\/\/nijar.org\/wp-content\/uploads\/2022\/03\/IMG_6947-300x225.jpg 300w, https:\/\/nijar.org\/wp-content\/uploads\/2022\/03\/IMG_6947-768x576.jpg 768w\" sizes=\"(max-width: 1000px) 100vw, 1000px\" \/><\/a><\/figure>\n\n\n\n<figure class=\"wp-block-image size-large\"><a href=\"https:\/\/nijar.org\/wp-content\/uploads\/2022\/03\/garden-wall.jpg\"><img loading=\"lazy\" decoding=\"async\" width=\"1024\" height=\"591\" data-id=\"853\" src=\"https:\/\/nijar.org\/wp-content\/uploads\/2022\/03\/garden-wall-1024x591.jpg\" alt=\"\" class=\"wp-image-853\" srcset=\"https:\/\/nijar.org\/wp-content\/uploads\/2022\/03\/garden-wall-1024x591.jpg 1024w, https:\/\/nijar.org\/wp-content\/uploads\/2022\/03\/garden-wall-600x346.jpg 600w, https:\/\/nijar.org\/wp-content\/uploads\/2022\/03\/garden-wall-300x173.jpg 300w, https:\/\/nijar.org\/wp-content\/uploads\/2022\/03\/garden-wall-768x443.jpg 768w, https:\/\/nijar.org\/wp-content\/uploads\/2022\/03\/garden-wall.jpg 1253w\" sizes=\"(max-width: 1024px) 100vw, 1024px\" \/><\/a><\/figure>\n<\/figure>\n\n\n\n<figure class=\"wp-block-image size-large\"><a href=\"https:\/\/nijar.org\/wp-content\/uploads\/2022\/03\/IMG_6929.jpg\"><img loading=\"lazy\" decoding=\"async\" width=\"1024\" height=\"768\" src=\"https:\/\/nijar.org\/wp-content\/uploads\/2022\/03\/IMG_6929-1024x768.jpg\" alt=\"\" class=\"wp-image-858\" srcset=\"https:\/\/nijar.org\/wp-content\/uploads\/2022\/03\/IMG_6929-1024x768.jpg 1024w, https:\/\/nijar.org\/wp-content\/uploads\/2022\/03\/IMG_6929-600x450.jpg 600w, https:\/\/nijar.org\/wp-content\/uploads\/2022\/03\/IMG_6929-300x225.jpg 300w, https:\/\/nijar.org\/wp-content\/uploads\/2022\/03\/IMG_6929-768x576.jpg 768w, https:\/\/nijar.org\/wp-content\/uploads\/2022\/03\/IMG_6929.jpg 1334w\" sizes=\"(max-width: 1024px) 100vw, 1024px\" \/><\/a><\/figure>","protected":false},"excerpt":{"rendered":"<p>Tr\u00edade do Ser Da \u00faltima vez, inform\u00e1mos-vos sobre a Tr\u00edade do Ser, concebida e oferecida ao Asharum por Yogin\u00e2m, por ocasi\u00e3o do seu 75\u00ba anivers\u00e1rio, como s\u00edmbolo de N\u00e2m. A Tr\u00edade do Ser tem um lugar e uma import\u00e2ncia especial no jardim, tanto para n\u00f3s como para os visitantes...<\/p>","protected":false},"author":8,"featured_media":848,"comment_status":"open","ping_status":"open","sticky":false,"template":"","format":"standard","meta":{"_kad_post_transparent":"","_kad_post_title":"","_kad_post_layout":"","_kad_post_sidebar_id":"","_kad_post_content_style":"","_kad_post_vertical_padding":"","_kad_post_feature":"","_kad_post_feature_position":"","_kad_post_header":false,"_kad_post_footer":false,"_kad_post_classname":"","footnotes":""},"categories":[1],"tags":[],"class_list":["post-847","post","type-post","status-publish","format-standard","has-post-thumbnail","hentry","category-the-monthly-journal"],"aioseo_notices":[],"_links":{"self":[{"href":"https:\/\/nijar.org\/pt\/wp-json\/wp\/v2\/posts\/847","targetHints":{"allow":["GET"]}}],"collection":[{"href":"https:\/\/nijar.org\/pt\/wp-json\/wp\/v2\/posts"}],"about":[{"href":"https:\/\/nijar.org\/pt\/wp-json\/wp\/v2\/types\/post"}],"author":[{"embeddable":true,"href":"https:\/\/nijar.org\/pt\/wp-json\/wp\/v2\/users\/8"}],"replies":[{"embeddable":true,"href":"https:\/\/nijar.org\/pt\/wp-json\/wp\/v2\/comments?post=847"}],"version-history":[{"count":0,"href":"https:\/\/nijar.org\/pt\/wp-json\/wp\/v2\/posts\/847\/revisions"}],"wp:featuredmedia":[{"embeddable":true,"href":"https:\/\/nijar.org\/pt\/wp-json\/wp\/v2\/media\/848"}],"wp:attachment":[{"href":"https:\/\/nijar.org\/pt\/wp-json\/wp\/v2\/media?parent=847"}],"wp:term":[{"taxonomy":"category","embeddable":true,"href":"https:\/\/nijar.org\/pt\/wp-json\/wp\/v2\/categories?post=847"},{"taxonomy":"post_tag","embeddable":true,"href":"https:\/\/nijar.org\/pt\/wp-json\/wp\/v2\/tags?post=847"}],"curies":[{"name":"wp","href":"https:\/\/api.w.org\/{rel}","templated":true}]}}