{"id":532,"date":"2022-02-02T18:27:25","date_gmt":"2022-02-02T17:27:25","guid":{"rendered":"https:\/\/nijar.org\/?p=532"},"modified":"2022-12-24T09:58:27","modified_gmt":"2022-12-24T08:58:27","slug":"jornal-fevereiro-de-2022","status":"publish","type":"post","link":"https:\/\/nijar.org\/pt\/jornal-fevereiro-de-2022","title":{"rendered":"Jornal fevereiro de 2022"},"content":{"rendered":"<p>Normalmente, janeiro \u00e9 um dos meses em que a \u00e1rea em redor de N\u00edjar recebe muita chuva, mas este ano a \u00e1gua que caiu do c\u00e9u foi escassa. As temperaturas foram um pouco mais elevadas em compara\u00e7\u00e3o com a m\u00e9dia, mas mesmo assim aproveit\u00e1mos o fog\u00e3o a lenha instalado na nossa nova sala de medita\u00e7\u00e3o duas vezes por dia, durante a nossa medita\u00e7\u00e3o. O m\u00eas come\u00e7ou com um retiro de sil\u00eancio, com dois convidados em Nijar e muitos em Amonines e alguns participantes online a partir de casa. O Andr\u00e9e e a Maria juntaram-se ao retiro, enquanto o Melvin se ocupou das tarefas di\u00e1rias. Claro que houve ajuda silenciosa de ambos os residentes e a semana de sil\u00eancio foi uma forma maravilhosa de contemplar a nossa vida e a nossa forma de viver.<\/p>\n\n\n\n<div style=\"height:50px\" aria-hidden=\"true\" class=\"wp-block-spacer\"><\/div>\n\n\n\n<figure class=\"wp-block-gallery has-nested-images columns-0 is-cropped wp-block-gallery-1 is-layout-flex wp-block-gallery-is-layout-flex\">\n<figure class=\"wp-block-image size-large\"><a href=\"https:\/\/nijar.org\/wp-content\/uploads\/2022\/02\/IMG_0644.jpg\"><img fetchpriority=\"high\" decoding=\"async\" width=\"1024\" height=\"768\" data-id=\"537\" src=\"https:\/\/nijar.org\/wp-content\/uploads\/2022\/02\/IMG_0644-1024x768.jpg\" alt=\"\" class=\"wp-image-537\" srcset=\"https:\/\/nijar.org\/wp-content\/uploads\/2022\/02\/IMG_0644-1024x768.jpg 1024w, https:\/\/nijar.org\/wp-content\/uploads\/2022\/02\/IMG_0644-600x450.jpg 600w, https:\/\/nijar.org\/wp-content\/uploads\/2022\/02\/IMG_0644-300x225.jpg 300w, https:\/\/nijar.org\/wp-content\/uploads\/2022\/02\/IMG_0644-768x576.jpg 768w, https:\/\/nijar.org\/wp-content\/uploads\/2022\/02\/IMG_0644-1536x1152.jpg 1536w, https:\/\/nijar.org\/wp-content\/uploads\/2022\/02\/IMG_0644.jpg 2001w\" sizes=\"(max-width: 1024px) 100vw, 1024px\" \/><\/a><\/figure>\n<\/figure>\n\n\n\n<figure class=\"wp-block-gallery has-nested-images columns-default is-cropped wp-block-gallery-2 is-layout-flex wp-block-gallery-is-layout-flex\">\n<figure class=\"wp-block-image size-large\"><a href=\"https:\/\/nijar.org\/wp-content\/uploads\/2022\/02\/IMG_4559.jpg\"><img decoding=\"async\" width=\"722\" height=\"1024\" data-id=\"541\" src=\"https:\/\/nijar.org\/wp-content\/uploads\/2022\/02\/IMG_4559-722x1024.jpg\" alt=\"\" class=\"wp-image-541\" srcset=\"https:\/\/nijar.org\/wp-content\/uploads\/2022\/02\/IMG_4559-722x1024.jpg 722w, https:\/\/nijar.org\/wp-content\/uploads\/2022\/02\/IMG_4559-600x851.jpg 600w, https:\/\/nijar.org\/wp-content\/uploads\/2022\/02\/IMG_4559-212x300.jpg 212w, https:\/\/nijar.org\/wp-content\/uploads\/2022\/02\/IMG_4559-768x1089.jpg 768w, https:\/\/nijar.org\/wp-content\/uploads\/2022\/02\/IMG_4559.jpg 1059w\" sizes=\"(max-width: 722px) 100vw, 722px\" \/><\/a><\/figure>\n\n\n\n<figure class=\"wp-block-image size-large\"><a href=\"https:\/\/nijar.org\/wp-content\/uploads\/2022\/02\/IMG_4612.jpg\"><img decoding=\"async\" width=\"769\" height=\"1024\" data-id=\"544\" src=\"https:\/\/nijar.org\/wp-content\/uploads\/2022\/02\/IMG_4612-769x1024.jpg\" alt=\"\" class=\"wp-image-544\" srcset=\"https:\/\/nijar.org\/wp-content\/uploads\/2022\/02\/IMG_4612-769x1024.jpg 769w, https:\/\/nijar.org\/wp-content\/uploads\/2022\/02\/IMG_4612-600x799.jpg 600w, https:\/\/nijar.org\/wp-content\/uploads\/2022\/02\/IMG_4612-225x300.jpg 225w, https:\/\/nijar.org\/wp-content\/uploads\/2022\/02\/IMG_4612-768x1022.jpg 768w, https:\/\/nijar.org\/wp-content\/uploads\/2022\/02\/IMG_4612.jpg 1127w\" sizes=\"(max-width: 769px) 100vw, 769px\" \/><\/a><\/figure>\n<\/figure>\n\n\n\n<p>O Edwin regressou e j\u00e1 n\u00e3o o consideramos um h\u00f3spede. Trouxe o Danka com ele na sua viagem a N\u00edjar, pelo que tanto o mosteiro como o Asharum t\u00eam agora cortinas mais ajustadas e alguns de n\u00f3s t\u00eam roupa nova \ud83d\ude09 Wabke, que se juntou ao retiro, ficou durante todo o m\u00eas devido \u00e0s circunst\u00e2ncias que ocorreram. <br>A Andr\u00e9e teve um grande acidente (literalmente um deslize) e acabou com dois pulsos partidos e uma concuss\u00e3o, por isso o Wabke ofereceu-se para ficar por c\u00e1 durante algum tempo para nos ajudar a tratar de tudo. Estamos muito gratos por isso ter sido poss\u00edvel. Sem entrar em muitos detalhes, ela est\u00e1 a recuperar bem e todos s\u00e3o bem-vindos para lhe enviar uma mensagem diretamente ou atrav\u00e9s dos nossos canais principais.<br>A Reina ajuda-nos a cozinhar, uma vez que o Andr\u00e9e n\u00e3o pode cozinhar durante algumas semanas. J\u00e1 nos delici\u00e1mos com um bom prato de massa e ela voltar\u00e1 a cozinhar na pr\u00f3xima semana. Por falar em boa comida, recebemos regularmente comida marroquina aut\u00eantica dos nossos ador\u00e1veis vizinhos Mustafa e Rachida e da sua fam\u00edlia. Em alguns domingos deliciosos, sabore\u00e1mos doces, que sabore\u00e1mos todos juntos no nosso terra\u00e7o, e esta semana trouxeram-nos um prato de cuscuz.<\/p>\n\n\n\n<div style=\"height:75px\" aria-hidden=\"true\" class=\"wp-block-spacer\"><\/div>\n\n\n\n<h2 class=\"wp-block-heading\" id=\"the-garden-of-the-asharum-nijar-back-to-the-roots\"><strong>O jardim do Asharum Nijar: Regresso \u00e0s ra\u00edzes<\/strong><\/h2>\n\n\n\n<p>As batatas foram colhidas e, embora n\u00e3o tiv\u00e9ssemos a certeza do nosso m\u00e9todo de planta\u00e7\u00e3o, o rendimento provou que n\u00e3o cometemos erros catastr\u00f3ficos h\u00e1 tr\u00eas meses. Estamos a saborear as nossas batatas caseiras v\u00e1rias vezes por semana e acompanhamo-las com br\u00f3colos ou couve-flor e salada da horta. Os novos campos de batatas est\u00e3o quase prontos e, desta vez, seguimos as indica\u00e7\u00f5es de Human, que recolheu algumas informa\u00e7\u00f5es sobre diferentes sistemas e t\u00e9cnicas. Estamos agora a plantar as batatas numa cama enterrada, cheia de composto, palha e terra. Menos revolvimento do solo e, esperamos, uma melhor qualidade do solo ap\u00f3s a colheita.<\/p>\n\n\n\n<div style=\"height:50px\" aria-hidden=\"true\" class=\"wp-block-spacer\"><\/div>\n\n\n\n<div class=\"wp-block-columns is-layout-flex wp-container-core-columns-is-layout-9d6595d7 wp-block-columns-is-layout-flex\">\n<div class=\"wp-block-column is-layout-flow wp-block-column-is-layout-flow\" style=\"flex-basis:100%\">\n<div class=\"wp-block-columns is-layout-flex wp-container-core-columns-is-layout-9d6595d7 wp-block-columns-is-layout-flex\">\n<div class=\"wp-block-column is-layout-flow wp-block-column-is-layout-flow\" style=\"flex-basis:100%\">\n<figure class=\"wp-block-gallery has-nested-images columns-0 is-cropped wp-block-gallery-3 is-layout-flex wp-block-gallery-is-layout-flex\">\n<figure class=\"wp-block-image size-large\"><a href=\"https:\/\/nijar.org\/wp-content\/uploads\/2022\/02\/IMG_4572.jpg\"><img loading=\"lazy\" decoding=\"async\" width=\"1024\" height=\"769\" data-id=\"542\" src=\"https:\/\/nijar.org\/wp-content\/uploads\/2022\/02\/IMG_4572-1024x769.jpg\" alt=\"\" class=\"wp-image-542\" srcset=\"https:\/\/nijar.org\/wp-content\/uploads\/2022\/02\/IMG_4572-1024x769.jpg 1024w, https:\/\/nijar.org\/wp-content\/uploads\/2022\/02\/IMG_4572-600x451.jpg 600w, https:\/\/nijar.org\/wp-content\/uploads\/2022\/02\/IMG_4572-300x225.jpg 300w, https:\/\/nijar.org\/wp-content\/uploads\/2022\/02\/IMG_4572-768x577.jpg 768w, https:\/\/nijar.org\/wp-content\/uploads\/2022\/02\/IMG_4572.jpg 1500w\" sizes=\"(max-width: 1024px) 100vw, 1024px\" \/><\/a><\/figure>\n<\/figure>\n\n\n\n<figure class=\"wp-block-gallery has-nested-images columns-0 is-cropped wp-block-gallery-4 is-layout-flex wp-block-gallery-is-layout-flex\">\n<figure class=\"wp-block-image size-large\"><a href=\"https:\/\/nijar.org\/wp-content\/uploads\/2022\/02\/IMG_4619.jpg\"><img loading=\"lazy\" decoding=\"async\" width=\"1024\" height=\"768\" data-id=\"545\" src=\"https:\/\/nijar.org\/wp-content\/uploads\/2022\/02\/IMG_4619-1024x768.jpg\" alt=\"\" class=\"wp-image-545\" srcset=\"https:\/\/nijar.org\/wp-content\/uploads\/2022\/02\/IMG_4619-1024x768.jpg 1024w, https:\/\/nijar.org\/wp-content\/uploads\/2022\/02\/IMG_4619-600x450.jpg 600w, https:\/\/nijar.org\/wp-content\/uploads\/2022\/02\/IMG_4619-300x225.jpg 300w, https:\/\/nijar.org\/wp-content\/uploads\/2022\/02\/IMG_4619-768x576.jpg 768w, https:\/\/nijar.org\/wp-content\/uploads\/2022\/02\/IMG_4619-1536x1152.jpg 1536w, https:\/\/nijar.org\/wp-content\/uploads\/2022\/02\/IMG_4619.jpg 2000w\" sizes=\"(max-width: 1024px) 100vw, 1024px\" \/><\/a><\/figure>\n<\/figure>\n\n\n\n<p><\/p>\n<\/div>\n<\/div>\n\n\n\n<p>Estamos a aprender com cada planta\u00e7\u00e3o e colheita como melhorar a nossa colheita, por exemplo, t\u00e9cnicas de planta\u00e7\u00e3o ou onde plantar o qu\u00ea. O clima aqui \u00e9 bastante agreste e, obviamente, algumas plantas precisam de cuidados mais espec\u00edficos do que outras. A maior parte dos vegetais cruc\u00edferos d\u00e1-se bastante bem sem grande esfor\u00e7o. Como o mundo continua a girar numa dire\u00e7\u00e3o aparentemente desumana, o nosso foco com a horta est\u00e1 a mudar ligeiramente de uma horta ecol\u00f3gica que nutre a alma e o esp\u00edrito, para uma horta que nutre o nosso corpo e mente. Por outras palavras, mais aten\u00e7\u00e3o \u00e0 produ\u00e7\u00e3o de alimentos.<\/p>\n\n\n\n<p>As palmeiras rec\u00e9m-plantadas est\u00e3o a ter dificuldade em instalar-se nesta \u00e1rea acidentada a 400 metros acima do n\u00edvel do mar, pelo que reduzimos a sua ingest\u00e3o de \u00e1gua, uma vez que n\u00e3o est\u00e3o a consumir muito neste estado. Esperamos que, com algum amor e carinho, se adaptem e se sintam em casa em breve. Foram plantadas mais algumas esp\u00e9cies de \u00e1rvores locais, entre as quais uma Schinus molle, ou como se diz em Espanha; uma falsa pimienta. Esta \u00e1rvore produz os conhecidos gr\u00e3os de pimenta rosa, que, como o nome indica, n\u00e3o s\u00e3o verdadeiros gr\u00e3os de pimenta. Al\u00e9m disso, foi encomendada uma \u00faltima ronda de \u00e1rvores para a \u00e9poca de planta\u00e7\u00e3o deste ano, pelo que esperamos plantar um Ginko biloba, uma nogueira-pec\u00e3 e um castanheiro no pr\u00f3ximo m\u00eas. E estamos a tentar plantar mais alguns arbustos e coberturas de solo para tornar o jardim mais verde e retentor de humidade.<\/p>\n<\/div>\n<\/div>\n\n\n\n<div style=\"height:50px\" aria-hidden=\"true\" class=\"wp-block-spacer\"><\/div>\n\n\n\n<div style=\"height:50px\" aria-hidden=\"true\" class=\"wp-block-spacer\"><\/div>\n\n\n\n<h2 class=\"wp-block-heading\" id=\"more-building-and-improving\"><strong>Mais constru\u00e7\u00e3o e melhoramento<\/strong><\/h2>\n\n\n\n<p>O novo lugar de estacionamento e a entrada foram pavimentados com bet\u00e3o e receberam um toque final atrav\u00e9s de uma impress\u00e3o de padr\u00e3o de azulejos e uma camada avermelhada. Agora parece uma entrada de garagem em mosaico e a cor \u00e9 semelhante \u00e0 cor dos azulejos que utiliz\u00e1mos nas escadas e nos quartos. Temos de esperar mais uma semana (tr\u00eas no total) para podermos finalmente estacionar os nossos carros dentro das instala\u00e7\u00f5es. Isto vai trazer algum al\u00edvio ao pequeno parque de estacionamento entre o Mosteiro e o Asharum, que \u00e9 o \u00fanico na zona.<\/p>\n\n\n\n<div style=\"height:50px\" aria-hidden=\"true\" class=\"wp-block-spacer\"><\/div>\n\n\n\n<figure class=\"wp-block-gallery has-nested-images columns-default is-cropped wp-block-gallery-5 is-layout-flex wp-block-gallery-is-layout-flex\">\n<figure class=\"wp-block-image size-large\"><a href=\"https:\/\/nijar.org\/wp-content\/uploads\/2022\/02\/IMG_0655.jpg\"><img loading=\"lazy\" decoding=\"async\" width=\"767\" height=\"1024\" data-id=\"538\" src=\"https:\/\/nijar.org\/wp-content\/uploads\/2022\/02\/IMG_0655-767x1024.jpg\" alt=\"\" class=\"wp-image-538\" srcset=\"https:\/\/nijar.org\/wp-content\/uploads\/2022\/02\/IMG_0655-767x1024.jpg 767w, https:\/\/nijar.org\/wp-content\/uploads\/2022\/02\/IMG_0655-600x801.jpg 600w, https:\/\/nijar.org\/wp-content\/uploads\/2022\/02\/IMG_0655-225x300.jpg 225w, https:\/\/nijar.org\/wp-content\/uploads\/2022\/02\/IMG_0655-768x1025.jpg 768w, https:\/\/nijar.org\/wp-content\/uploads\/2022\/02\/IMG_0655.jpg 1125w\" sizes=\"(max-width: 767px) 100vw, 767px\" \/><\/a><\/figure>\n\n\n\n<figure class=\"wp-block-image size-large\"><a href=\"https:\/\/nijar.org\/wp-content\/uploads\/2022\/02\/IMG_0543.jpeg\"><img loading=\"lazy\" decoding=\"async\" width=\"768\" height=\"1024\" data-id=\"535\" src=\"https:\/\/nijar.org\/wp-content\/uploads\/2022\/02\/IMG_0543-768x1024.jpeg\" alt=\"\" class=\"wp-image-535\" srcset=\"https:\/\/nijar.org\/wp-content\/uploads\/2022\/02\/IMG_0543-768x1024.jpeg 768w, https:\/\/nijar.org\/wp-content\/uploads\/2022\/02\/IMG_0543-600x800.jpeg 600w, https:\/\/nijar.org\/wp-content\/uploads\/2022\/02\/IMG_0543-225x300.jpeg 225w, https:\/\/nijar.org\/wp-content\/uploads\/2022\/02\/IMG_0543.jpeg 1125w\" sizes=\"(max-width: 768px) 100vw, 768px\" \/><\/a><\/figure>\n<\/figure>\n\n\n\n<figure class=\"wp-block-gallery has-nested-images columns-0 is-cropped wp-block-gallery-6 is-layout-flex wp-block-gallery-is-layout-flex\">\n<figure class=\"wp-block-image size-large\"><a href=\"https:\/\/nijar.org\/wp-content\/uploads\/2022\/02\/IMG_0544.jpeg\"><img loading=\"lazy\" decoding=\"async\" width=\"768\" height=\"1024\" data-id=\"536\" src=\"https:\/\/nijar.org\/wp-content\/uploads\/2022\/02\/IMG_0544-768x1024.jpeg\" alt=\"\" class=\"wp-image-536\" srcset=\"https:\/\/nijar.org\/wp-content\/uploads\/2022\/02\/IMG_0544-768x1024.jpeg 768w, https:\/\/nijar.org\/wp-content\/uploads\/2022\/02\/IMG_0544-600x800.jpeg 600w, https:\/\/nijar.org\/wp-content\/uploads\/2022\/02\/IMG_0544-225x300.jpeg 225w, https:\/\/nijar.org\/wp-content\/uploads\/2022\/02\/IMG_0544.jpeg 1125w\" sizes=\"(max-width: 768px) 100vw, 768px\" \/><\/a><\/figure>\n\n\n\n<figure class=\"wp-block-image size-large\"><a href=\"https:\/\/nijar.org\/wp-content\/uploads\/2022\/02\/IMG_0659.jpg\"><img loading=\"lazy\" decoding=\"async\" width=\"686\" height=\"1024\" data-id=\"539\" src=\"https:\/\/nijar.org\/wp-content\/uploads\/2022\/02\/IMG_0659-686x1024.jpg\" alt=\"\" class=\"wp-image-539\" srcset=\"https:\/\/nijar.org\/wp-content\/uploads\/2022\/02\/IMG_0659-686x1024.jpg 686w, https:\/\/nijar.org\/wp-content\/uploads\/2022\/02\/IMG_0659-600x896.jpg 600w, https:\/\/nijar.org\/wp-content\/uploads\/2022\/02\/IMG_0659-201x300.jpg 201w, https:\/\/nijar.org\/wp-content\/uploads\/2022\/02\/IMG_0659-768x1147.jpg 768w, https:\/\/nijar.org\/wp-content\/uploads\/2022\/02\/IMG_0659.jpg 1004w\" sizes=\"(max-width: 686px) 100vw, 686px\" \/><\/a><\/figure>\n<\/figure>\n\n\n\n<div style=\"height:50px\" aria-hidden=\"true\" class=\"wp-block-spacer\"><\/div>\n\n\n\n<p>As grandes escadas novas no final do jardim s\u00e3o uma verdadeira obra de arte e o grande tri\u00e2ngulo branco mistura-se perfeitamente com a paisagem montanhosa. Os pr\u00f3ximos projectos de constru\u00e7\u00e3o j\u00e1 est\u00e3o planeados e talvez possamos mostrar-lhe alguns progressos nos pr\u00f3ximos meses.<\/p>\n\n\n\n<div style=\"height:25px\" aria-hidden=\"true\" class=\"wp-block-spacer\"><\/div>\n\n\n<style>#kt-layout-id_fd121c-36 > .kt-row-column-wrap{align-content:start;}:where(#kt-layout-id_fd121c-36 > .kt-row-column-wrap) > .wp-block-kadence-column{justify-content:start;}#kt-layout-id_fd121c-36 > .kt-row-column-wrap{column-gap:var(--global-kb-gap-md, 2rem);row-gap:var(--global-kb-gap-md, 2rem);padding-top:var( --global-kb-row-default-top, 25px );padding-bottom:var( --global-kb-row-default-bottom, 25px );padding-top:var(--global-kb-spacing-sm, 1.5rem);padding-bottom:var(--global-kb-spacing-sm, 1.5rem);grid-template-columns:repeat(2, minmax(0, 1fr));}#kt-layout-id_fd121c-36 > .kt-row-layout-overlay{opacity:0.30;}@media all and (max-width: 1024px){#kt-layout-id_fd121c-36 > .kt-row-column-wrap{grid-template-columns:repeat(2, minmax(0, 1fr));}}@media all and (max-width: 767px){#kt-layout-id_fd121c-36 > .kt-row-column-wrap{grid-template-columns:minmax(0, 1fr);}}<\/style>\n<div class=\"wp-block-kadence-rowlayout alignnone\"><div id=\"kt-layout-id_fd121c-36\" class=\"kt-row-layout-inner kt-layout-id_fd121c-36\"><div class=\"kt-row-column-wrap kt-has-2-columns kt-gutter-default kt-v-gutter-default kt-row-valign-top kt-row-layout-equal kt-tab-layout-inherit kt-m-colapse-left-to-right kt-mobile-layout-row\"><style>.kadence-column_2c31f4-1b > .kt-inside-inner-col{border-top-width:0px;border-right-width:0px;border-bottom-width:0px;border-left-width:0px;}.kadence-column_2c31f4-1b > .kt-inside-inner-col,.kadence-column_2c31f4-1b > .kt-inside-inner-col:before{border-top-left-radius:0px;border-top-right-radius:0px;border-bottom-right-radius:0px;border-bottom-left-radius:0px;}.kadence-column_2c31f4-1b > .kt-inside-inner-col{column-gap:var(--global-kb-gap-sm, 1rem);}.kadence-column_2c31f4-1b > .kt-inside-inner-col{flex-direction:column;}.kadence-column_2c31f4-1b > .kt-inside-inner-col > .aligncenter{width:100%;}.kadence-column_2c31f4-1b > .kt-inside-inner-col:before{opacity:0.3;}.kadence-column_2c31f4-1b{position:relative;}@media all and (max-width: 1024px){.kadence-column_2c31f4-1b > .kt-inside-inner-col{flex-direction:column;justify-content:center;}}@media all and (max-width: 767px){.kadence-column_2c31f4-1b > .kt-inside-inner-col{flex-direction:column;justify-content:center;}}<\/style>\n<div class=\"wp-block-kadence-column inner-column-1 kadence-column_2c31f4-1b\"><div class=\"kt-inside-inner-col\">\n<figure class=\"wp-block-image size-large\"><a href=\"https:\/\/nijar.org\/wp-content\/uploads\/2022\/02\/IMG_4620.jpg\"><img loading=\"lazy\" decoding=\"async\" width=\"769\" height=\"1024\" src=\"https:\/\/nijar.org\/wp-content\/uploads\/2022\/02\/IMG_4620-769x1024.jpg\" alt=\"\" class=\"wp-image-546\" srcset=\"https:\/\/nijar.org\/wp-content\/uploads\/2022\/02\/IMG_4620-769x1024.jpg 769w, https:\/\/nijar.org\/wp-content\/uploads\/2022\/02\/IMG_4620-600x799.jpg 600w, https:\/\/nijar.org\/wp-content\/uploads\/2022\/02\/IMG_4620-225x300.jpg 225w, https:\/\/nijar.org\/wp-content\/uploads\/2022\/02\/IMG_4620-768x1022.jpg 768w, https:\/\/nijar.org\/wp-content\/uploads\/2022\/02\/IMG_4620.jpg 1127w\" sizes=\"(max-width: 769px) 100vw, 769px\" \/><\/a><\/figure>\n<\/div><\/div>\n\n\n<style>.kadence-column_7f519c-3d > .kt-inside-inner-col{border-top-width:0px;border-right-width:0px;border-bottom-width:0px;border-left-width:0px;}.kadence-column_7f519c-3d > .kt-inside-inner-col,.kadence-column_7f519c-3d > .kt-inside-inner-col:before{border-top-left-radius:0px;border-top-right-radius:0px;border-bottom-right-radius:0px;border-bottom-left-radius:0px;}.kadence-column_7f519c-3d > .kt-inside-inner-col{column-gap:var(--global-kb-gap-sm, 1rem);}.kadence-column_7f519c-3d > .kt-inside-inner-col{flex-direction:column;}.kadence-column_7f519c-3d > .kt-inside-inner-col > .aligncenter{width:100%;}.kadence-column_7f519c-3d > .kt-inside-inner-col:before{opacity:0.3;}.kadence-column_7f519c-3d{position:relative;}@media all and (max-width: 1024px){.kadence-column_7f519c-3d > .kt-inside-inner-col{flex-direction:column;justify-content:center;}}@media all and (max-width: 767px){.kadence-column_7f519c-3d > .kt-inside-inner-col{flex-direction:column;justify-content:center;}}<\/style>\n<div class=\"wp-block-kadence-column inner-column-2 kadence-column_7f519c-3d\"><div class=\"kt-inside-inner-col\">\n<figure class=\"wp-block-video\"><video height=\"1080\" style=\"aspect-ratio: 1182 \/ 1080;\" width=\"1182\" controls src=\"https:\/\/nijar.org\/wp-content\/uploads\/2022\/02\/watersjef.mp4\"><\/video><\/figure>\n<\/div><\/div>\n<\/div><\/div><\/div>\n\n\n\n<div style=\"height:50px\" aria-hidden=\"true\" class=\"wp-block-spacer\"><\/div>\n\n\n\n<div style=\"height:50px\" aria-hidden=\"true\" class=\"wp-block-spacer\"><\/div>\n\n\n\n<p><\/p>","protected":false},"excerpt":{"rendered":"<p>Normalmente, janeiro \u00e9 um dos meses em que a \u00e1rea em redor de N\u00edjar recebe muita chuva, mas este ano a \u00e1gua que caiu do c\u00e9u foi escassa. As temperaturas foram um pouco mais elevadas em compara\u00e7\u00e3o com a m\u00e9dia, mas mesmo assim aproveitamos o fog\u00e3o a lenha instalado na nossa nova sala de medita\u00e7\u00e3o duas vezes por dia,...<\/p>","protected":false},"author":8,"featured_media":536,"comment_status":"open","ping_status":"open","sticky":false,"template":"","format":"standard","meta":{"_kad_post_transparent":"","_kad_post_title":"","_kad_post_layout":"","_kad_post_sidebar_id":"","_kad_post_content_style":"","_kad_post_vertical_padding":"","_kad_post_feature":"","_kad_post_feature_position":"","_kad_post_header":false,"_kad_post_footer":false,"_kad_post_classname":"","footnotes":""},"categories":[1],"tags":[],"class_list":["post-532","post","type-post","status-publish","format-standard","has-post-thumbnail","hentry","category-the-monthly-journal"],"aioseo_notices":[],"_links":{"self":[{"href":"https:\/\/nijar.org\/pt\/wp-json\/wp\/v2\/posts\/532","targetHints":{"allow":["GET"]}}],"collection":[{"href":"https:\/\/nijar.org\/pt\/wp-json\/wp\/v2\/posts"}],"about":[{"href":"https:\/\/nijar.org\/pt\/wp-json\/wp\/v2\/types\/post"}],"author":[{"embeddable":true,"href":"https:\/\/nijar.org\/pt\/wp-json\/wp\/v2\/users\/8"}],"replies":[{"embeddable":true,"href":"https:\/\/nijar.org\/pt\/wp-json\/wp\/v2\/comments?post=532"}],"version-history":[{"count":0,"href":"https:\/\/nijar.org\/pt\/wp-json\/wp\/v2\/posts\/532\/revisions"}],"wp:featuredmedia":[{"embeddable":true,"href":"https:\/\/nijar.org\/pt\/wp-json\/wp\/v2\/media\/536"}],"wp:attachment":[{"href":"https:\/\/nijar.org\/pt\/wp-json\/wp\/v2\/media?parent=532"}],"wp:term":[{"taxonomy":"category","embeddable":true,"href":"https:\/\/nijar.org\/pt\/wp-json\/wp\/v2\/categories?post=532"},{"taxonomy":"post_tag","embeddable":true,"href":"https:\/\/nijar.org\/pt\/wp-json\/wp\/v2\/tags?post=532"}],"curies":[{"name":"wp","href":"https:\/\/api.w.org\/{rel}","templated":true}]}}