{"id":404,"date":"2022-01-08T00:07:54","date_gmt":"2022-01-07T23:07:54","guid":{"rendered":"https:\/\/nijar.org\/?p=404"},"modified":"2022-12-24T09:58:15","modified_gmt":"2022-12-24T08:58:15","slug":"diario-gennaio-2022","status":"publish","type":"post","link":"https:\/\/nijar.org\/pt\/diario-gennaio-2022","title":{"rendered":"Diario Gennaio 2022"},"content":{"rendered":"<p><meta charset=\"utf-8\">O m\u00eas de dezembro est\u00e1 a decorrer rapidamente e tem havido muito trabalho, tanto no jardim como nas casas. Abbiamo avuto alcuni ospiti che ci hanno allietato con la loro presenza e hanno contribuito all'atmosfera generale. O Melvin partiu para uma visita aos Pa\u00edses Baixos, tal como o Edwin, nosso h\u00f3spede desde h\u00e1 muito tempo. Entrambi ritorneranno all'Asharum durante la prima settimana di Gennaio.<\/p>\n\n\n\n<div style=\"height:50px\" aria-hidden=\"true\" class=\"wp-block-spacer\"><\/div>\n\n\n\n<figure class=\"wp-block-gallery columns-0 is-cropped wp-block-gallery-1 is-layout-flex wp-block-gallery-is-layout-flex\"><ul class=\"blocks-gallery-grid\"><li class=\"blocks-gallery-item\"><figure><a href=\"https:\/\/nijar.org\/wp-content\/uploads\/2022\/01\/DSC03725.jpg\"><img fetchpriority=\"high\" decoding=\"async\" width=\"1024\" height=\"576\" src=\"https:\/\/nijar.org\/wp-content\/uploads\/2022\/01\/DSC03725-1024x576.jpg\" alt=\"\" data-id=\"383\" data-full-url=\"https:\/\/nijar.org\/wp-content\/uploads\/2022\/01\/DSC03725.jpg\" data-link=\"https:\/\/nijar.org\/?attachment_id=383\" class=\"wp-image-383\" srcset=\"https:\/\/nijar.org\/wp-content\/uploads\/2022\/01\/DSC03725-1024x576.jpg 1024w, https:\/\/nijar.org\/wp-content\/uploads\/2022\/01\/DSC03725-600x338.jpg 600w, https:\/\/nijar.org\/wp-content\/uploads\/2022\/01\/DSC03725-300x169.jpg 300w, https:\/\/nijar.org\/wp-content\/uploads\/2022\/01\/DSC03725-768x432.jpg 768w, https:\/\/nijar.org\/wp-content\/uploads\/2022\/01\/DSC03725-1536x864.jpg 1536w, https:\/\/nijar.org\/wp-content\/uploads\/2022\/01\/DSC03725.jpg 2001w\" sizes=\"(max-width: 1024px) 100vw, 1024px\" \/><\/a><\/figure><\/li><\/ul><\/figure>\n\n\n\n<figure class=\"wp-block-gallery columns-2 is-cropped wp-block-gallery-2 is-layout-flex wp-block-gallery-is-layout-flex\"><ul class=\"blocks-gallery-grid\"><li class=\"blocks-gallery-item\"><figure><a href=\"https:\/\/nijar.org\/wp-content\/uploads\/2022\/01\/DSC03683.jpg\"><img decoding=\"async\" width=\"1024\" height=\"576\" src=\"https:\/\/nijar.org\/wp-content\/uploads\/2022\/01\/DSC03683-1024x576.jpg\" alt=\"\" data-id=\"372\" data-full-url=\"https:\/\/nijar.org\/wp-content\/uploads\/2022\/01\/DSC03683.jpg\" data-link=\"https:\/\/nijar.org\/?attachment_id=372\" class=\"wp-image-372\" srcset=\"https:\/\/nijar.org\/wp-content\/uploads\/2022\/01\/DSC03683-1024x576.jpg 1024w, https:\/\/nijar.org\/wp-content\/uploads\/2022\/01\/DSC03683-600x338.jpg 600w, https:\/\/nijar.org\/wp-content\/uploads\/2022\/01\/DSC03683-300x169.jpg 300w, https:\/\/nijar.org\/wp-content\/uploads\/2022\/01\/DSC03683-768x432.jpg 768w, https:\/\/nijar.org\/wp-content\/uploads\/2022\/01\/DSC03683-1536x864.jpg 1536w, https:\/\/nijar.org\/wp-content\/uploads\/2022\/01\/DSC03683.jpg 2001w\" sizes=\"(max-width: 1024px) 100vw, 1024px\" \/><\/a><\/figure><\/li><li class=\"blocks-gallery-item\"><figure><a href=\"https:\/\/nijar.org\/wp-content\/uploads\/2022\/01\/DSC03765.jpg\"><img decoding=\"async\" width=\"1024\" height=\"576\" src=\"https:\/\/nijar.org\/wp-content\/uploads\/2022\/01\/DSC03765-1024x576.jpg\" alt=\"\" data-id=\"373\" data-full-url=\"https:\/\/nijar.org\/wp-content\/uploads\/2022\/01\/DSC03765.jpg\" data-link=\"https:\/\/nijar.org\/?attachment_id=373\" class=\"wp-image-373\" srcset=\"https:\/\/nijar.org\/wp-content\/uploads\/2022\/01\/DSC03765-1024x576.jpg 1024w, https:\/\/nijar.org\/wp-content\/uploads\/2022\/01\/DSC03765-600x338.jpg 600w, https:\/\/nijar.org\/wp-content\/uploads\/2022\/01\/DSC03765-300x169.jpg 300w, https:\/\/nijar.org\/wp-content\/uploads\/2022\/01\/DSC03765-768x432.jpg 768w, https:\/\/nijar.org\/wp-content\/uploads\/2022\/01\/DSC03765-1536x864.jpg 1536w, https:\/\/nijar.org\/wp-content\/uploads\/2022\/01\/DSC03765.jpg 2001w\" sizes=\"(max-width: 1024px) 100vw, 1024px\" \/><\/a><\/figure><\/li><\/ul><\/figure>\n\n\n\n<figure class=\"wp-block-gallery columns-1 is-cropped wp-block-gallery-3 is-layout-flex wp-block-gallery-is-layout-flex\"><ul class=\"blocks-gallery-grid\"><li class=\"blocks-gallery-item\"><figure><a href=\"https:\/\/nijar.org\/wp-content\/uploads\/2022\/01\/DSC03729.jpg\"><img loading=\"lazy\" decoding=\"async\" width=\"1024\" height=\"576\" src=\"https:\/\/nijar.org\/wp-content\/uploads\/2022\/01\/DSC03729-1024x576.jpg\" alt=\"\" data-id=\"392\" data-full-url=\"https:\/\/nijar.org\/wp-content\/uploads\/2022\/01\/DSC03729.jpg\" data-link=\"https:\/\/nijar.org\/?attachment_id=392\" class=\"wp-image-392\" srcset=\"https:\/\/nijar.org\/wp-content\/uploads\/2022\/01\/DSC03729-1024x576.jpg 1024w, https:\/\/nijar.org\/wp-content\/uploads\/2022\/01\/DSC03729-600x338.jpg 600w, https:\/\/nijar.org\/wp-content\/uploads\/2022\/01\/DSC03729-300x169.jpg 300w, https:\/\/nijar.org\/wp-content\/uploads\/2022\/01\/DSC03729-768x432.jpg 768w, https:\/\/nijar.org\/wp-content\/uploads\/2022\/01\/DSC03729-1536x864.jpg 1536w, https:\/\/nijar.org\/wp-content\/uploads\/2022\/01\/DSC03729.jpg 2001w\" sizes=\"(max-width: 1024px) 100vw, 1024px\" \/><\/a><\/figure><\/li><\/ul><\/figure>\n\n\n\n<div style=\"height:75px\" aria-hidden=\"true\" class=\"wp-block-spacer\"><\/div>\n\n\n\n<h2 class=\"wp-block-heading\"><strong>O jardim do Asharum N\u00edjar: Regresso aos Radici<\/strong><\/h2>\n\n\n\n<p>Il tempo \u00e8 leggermente migliorato rispetto al mese scorso. Ora ci godiamo il sole quotidiano per riscaldarci dopo le notti pi\u00f9 fredde. Il sole fa la differenza poich\u00e9 brilla pi\u00f9 luminoso e caldo sulle longitudini andaluse, quindi quando splende, riscalda. Abbiamo raccolto le patate e ora stiamo pianificando di piantare le prossime su un campo diverso. Nell'attuale campo di patate andremo a coltivare fagioli e piselli, per assicurarci che il terreno rimanga sano. Os br\u00f3colos e a colza est\u00e3o a chegar \u00e0 matura\u00e7\u00e3o, enquanto o cavolo cappuccio e o cavolfiore crescem bem. Ovviamente li abbiamo piantati troppo vicini tra loro, cos\u00ec ne raccoglieremo alcuni in anticipo, in modo da fare spazio ai i rimanenti affinch\u00e8 crescano pi\u00f9 grandi. La maggior parte degli alberi ha perso le foglie e abbiamo iniziato a seminare erbe e fiori tipici del Mediterraneo, selezionando delle specie azotofissatrici e di rapida crescita allo scopo di migliorare il suolo. Chiaramente alcune specie sono state selezionate per la loro bellezza.<\/p>\n\n\n\n<div style=\"height:50px\" aria-hidden=\"true\" class=\"wp-block-spacer\"><\/div>\n\n\n\n<div class=\"wp-block-columns is-layout-flex wp-container-core-columns-is-layout-9d6595d7 wp-block-columns-is-layout-flex\">\n<div class=\"wp-block-column is-layout-flow wp-block-column-is-layout-flow\" style=\"flex-basis:100%\">\n<div class=\"wp-block-columns is-layout-flex wp-container-core-columns-is-layout-9d6595d7 wp-block-columns-is-layout-flex\">\n<div class=\"wp-block-column is-layout-flow wp-block-column-is-layout-flow\" style=\"flex-basis:100%\">\n<figure class=\"wp-block-gallery columns-0 is-cropped wp-block-gallery-4 is-layout-flex wp-block-gallery-is-layout-flex\"><ul class=\"blocks-gallery-grid\"><li class=\"blocks-gallery-item\"><figure><a href=\"https:\/\/nijar.org\/wp-content\/uploads\/2022\/01\/DSC03716.jpg\"><img loading=\"lazy\" decoding=\"async\" width=\"1024\" height=\"576\" src=\"https:\/\/nijar.org\/wp-content\/uploads\/2022\/01\/DSC03716-1024x576.jpg\" alt=\"\" data-id=\"380\" data-full-url=\"https:\/\/nijar.org\/wp-content\/uploads\/2022\/01\/DSC03716.jpg\" data-link=\"https:\/\/nijar.org\/?attachment_id=380\" class=\"wp-image-380\" srcset=\"https:\/\/nijar.org\/wp-content\/uploads\/2022\/01\/DSC03716-1024x576.jpg 1024w, https:\/\/nijar.org\/wp-content\/uploads\/2022\/01\/DSC03716-600x338.jpg 600w, https:\/\/nijar.org\/wp-content\/uploads\/2022\/01\/DSC03716-300x169.jpg 300w, https:\/\/nijar.org\/wp-content\/uploads\/2022\/01\/DSC03716-768x432.jpg 768w, https:\/\/nijar.org\/wp-content\/uploads\/2022\/01\/DSC03716-1536x864.jpg 1536w, https:\/\/nijar.org\/wp-content\/uploads\/2022\/01\/DSC03716.jpg 2001w\" sizes=\"(max-width: 1024px) 100vw, 1024px\" \/><\/a><\/figure><\/li><\/ul><\/figure>\n\n\n\n<figure class=\"wp-block-gallery columns-0 is-cropped wp-block-gallery-5 is-layout-flex wp-block-gallery-is-layout-flex\"><ul class=\"blocks-gallery-grid\"><li class=\"blocks-gallery-item\"><figure><a href=\"https:\/\/nijar.org\/wp-content\/uploads\/2022\/01\/DSC03720.jpg\"><img loading=\"lazy\" decoding=\"async\" width=\"1024\" height=\"576\" src=\"https:\/\/nijar.org\/wp-content\/uploads\/2022\/01\/DSC03720-1024x576.jpg\" alt=\"\" data-id=\"381\" data-full-url=\"https:\/\/nijar.org\/wp-content\/uploads\/2022\/01\/DSC03720.jpg\" data-link=\"https:\/\/nijar.org\/?attachment_id=381\" class=\"wp-image-381\" srcset=\"https:\/\/nijar.org\/wp-content\/uploads\/2022\/01\/DSC03720-1024x576.jpg 1024w, https:\/\/nijar.org\/wp-content\/uploads\/2022\/01\/DSC03720-600x338.jpg 600w, https:\/\/nijar.org\/wp-content\/uploads\/2022\/01\/DSC03720-300x169.jpg 300w, https:\/\/nijar.org\/wp-content\/uploads\/2022\/01\/DSC03720-768x432.jpg 768w, https:\/\/nijar.org\/wp-content\/uploads\/2022\/01\/DSC03720-1536x864.jpg 1536w, https:\/\/nijar.org\/wp-content\/uploads\/2022\/01\/DSC03720.jpg 2001w\" sizes=\"(max-width: 1024px) 100vw, 1024px\" \/><\/a><\/figure><\/li><\/ul><\/figure>\n\n\n\n<p><\/p>\n<\/div>\n<\/div>\n\n\n\n<p>Proprio la settimana scorsa sono arrivate altre palme, e le abbiamo piantate in fondo all'ultimo terrazzo, insieme alle altre palme. Ora, existem v\u00e1rias esp\u00e9cies de palmeiras. Speriamo che amino il posto tanto quanto noi e che crescano bene. Yogin\u00e2m ha detto che gli piacerebbe avere diversi cespugli di bacche sulla terrazza del grande mandorlo, e casualmente ci siamo imbattuti in un'ampia variet\u00e0 di cespugli di bacche offerti in uno dei negozi che visitiamo frequentemente. Abbiamo subito acquistato dieci cespugli, per accompagnare quelli esistenti. Abbiamo scelto un angolo nel giardino che ha un po' pi\u00f9 d'ombra e protezione dal vento. Adesso ci sono ribes rosso, bianco e nero, uva spina, lamponi rossi e gialli, mirtilli blu, rossi e un tayberry (che \u00e8 l'incrocio tra il lampone e la mora).<\/p>\n\n\n\n<p><\/p>\n\n\n\n<div style=\"height:50px\" aria-hidden=\"true\" class=\"wp-block-spacer\"><\/div>\n\n\n\n<figure class=\"wp-block-gallery columns-1 is-cropped wp-block-gallery-6 is-layout-flex wp-block-gallery-is-layout-flex\"><ul class=\"blocks-gallery-grid\"><li class=\"blocks-gallery-item\"><figure><a href=\"https:\/\/nijar.org\/wp-content\/uploads\/2022\/01\/DSC03713.jpg\"><img loading=\"lazy\" decoding=\"async\" width=\"1024\" height=\"576\" src=\"https:\/\/nijar.org\/wp-content\/uploads\/2022\/01\/DSC03713-1024x576.jpg\" alt=\"\" data-id=\"379\" data-full-url=\"https:\/\/nijar.org\/wp-content\/uploads\/2022\/01\/DSC03713.jpg\" data-link=\"https:\/\/nijar.org\/?attachment_id=379\" class=\"wp-image-379\" srcset=\"https:\/\/nijar.org\/wp-content\/uploads\/2022\/01\/DSC03713-1024x576.jpg 1024w, https:\/\/nijar.org\/wp-content\/uploads\/2022\/01\/DSC03713-600x338.jpg 600w, https:\/\/nijar.org\/wp-content\/uploads\/2022\/01\/DSC03713-300x169.jpg 300w, https:\/\/nijar.org\/wp-content\/uploads\/2022\/01\/DSC03713-768x432.jpg 768w, https:\/\/nijar.org\/wp-content\/uploads\/2022\/01\/DSC03713-1536x864.jpg 1536w, https:\/\/nijar.org\/wp-content\/uploads\/2022\/01\/DSC03713.jpg 2001w\" sizes=\"(max-width: 1024px) 100vw, 1024px\" \/><\/a><\/figure><\/li><\/ul><\/figure>\n\n\n\n<figure class=\"wp-block-gallery columns-1 is-cropped wp-block-gallery-7 is-layout-flex wp-block-gallery-is-layout-flex\"><ul class=\"blocks-gallery-grid\"><li class=\"blocks-gallery-item\"><figure><a href=\"https:\/\/nijar.org\/wp-content\/uploads\/2022\/01\/DSC03695.jpg\"><img loading=\"lazy\" decoding=\"async\" width=\"1024\" height=\"576\" src=\"https:\/\/nijar.org\/wp-content\/uploads\/2022\/01\/DSC03695-1024x576.jpg\" alt=\"\" data-id=\"377\" data-full-url=\"https:\/\/nijar.org\/wp-content\/uploads\/2022\/01\/DSC03695.jpg\" data-link=\"https:\/\/nijar.org\/journal-january-2022\/dsc03695\" class=\"wp-image-377\" srcset=\"https:\/\/nijar.org\/wp-content\/uploads\/2022\/01\/DSC03695-1024x576.jpg 1024w, https:\/\/nijar.org\/wp-content\/uploads\/2022\/01\/DSC03695-600x338.jpg 600w, https:\/\/nijar.org\/wp-content\/uploads\/2022\/01\/DSC03695-300x169.jpg 300w, https:\/\/nijar.org\/wp-content\/uploads\/2022\/01\/DSC03695-768x432.jpg 768w, https:\/\/nijar.org\/wp-content\/uploads\/2022\/01\/DSC03695-1536x864.jpg 1536w, https:\/\/nijar.org\/wp-content\/uploads\/2022\/01\/DSC03695.jpg 2001w\" sizes=\"(max-width: 1024px) 100vw, 1024px\" \/><\/a><\/figure><\/li><\/ul><\/figure>\n<\/div>\n<\/div>\n\n\n\n<p>Lilian, una delle nostre prime amicizie che ora vive vicino a noi, a San Jose, ha generosamente donato un padiglione da collocare in giardino. I nostri costruttori rumeni stanno preparando una terrazza pianellata dove la struttura verr\u00e0 costruita all'inizio del nuovo anno. O padiglione ser\u00e1 colocado mais ou menos no centro do jardim e poderemos us\u00e1-lo para concertos ou momentos meditativos a s\u00f3s ou em grupo. Asha potr\u00e0 mostrarci altri usi, ma nel frattempo siamo molto grati per questa meravigliosa aggiunta al nostro giardino.<\/p>\n\n\n\n<p><\/p>\n\n\n\n<div style=\"height:50px\" aria-hidden=\"true\" class=\"wp-block-spacer\"><\/div>\n\n\n\n<figure class=\"wp-block-gallery columns-0 is-cropped wp-block-gallery-8 is-layout-flex wp-block-gallery-is-layout-flex\"><ul class=\"blocks-gallery-grid\"><li class=\"blocks-gallery-item\"><figure><a href=\"https:\/\/nijar.org\/wp-content\/uploads\/2022\/01\/DSC03678.jpg\"><img loading=\"lazy\" decoding=\"async\" width=\"1024\" height=\"576\" src=\"https:\/\/nijar.org\/wp-content\/uploads\/2022\/01\/DSC03678-1024x576.jpg\" alt=\"\" data-id=\"389\" data-full-url=\"https:\/\/nijar.org\/wp-content\/uploads\/2022\/01\/DSC03678.jpg\" data-link=\"https:\/\/nijar.org\/?attachment_id=389\" class=\"wp-image-389\" srcset=\"https:\/\/nijar.org\/wp-content\/uploads\/2022\/01\/DSC03678-1024x576.jpg 1024w, https:\/\/nijar.org\/wp-content\/uploads\/2022\/01\/DSC03678-600x338.jpg 600w, https:\/\/nijar.org\/wp-content\/uploads\/2022\/01\/DSC03678-300x169.jpg 300w, https:\/\/nijar.org\/wp-content\/uploads\/2022\/01\/DSC03678-768x432.jpg 768w, https:\/\/nijar.org\/wp-content\/uploads\/2022\/01\/DSC03678-1536x864.jpg 1536w, https:\/\/nijar.org\/wp-content\/uploads\/2022\/01\/DSC03678.jpg 2001w\" sizes=\"(max-width: 1024px) 100vw, 1024px\" \/><\/a><\/figure><\/li><\/ul><\/figure>\n\n\n\n<figure class=\"wp-block-gallery columns-2 is-cropped wp-block-gallery-9 is-layout-flex wp-block-gallery-is-layout-flex\"><ul class=\"blocks-gallery-grid\"><li class=\"blocks-gallery-item\"><figure><a href=\"https:\/\/nijar.org\/wp-content\/uploads\/2022\/01\/DSC03685.jpg\"><img loading=\"lazy\" decoding=\"async\" width=\"1024\" height=\"576\" src=\"https:\/\/nijar.org\/wp-content\/uploads\/2022\/01\/DSC03685-1024x576.jpg\" alt=\"\" data-id=\"390\" data-full-url=\"https:\/\/nijar.org\/wp-content\/uploads\/2022\/01\/DSC03685.jpg\" data-link=\"https:\/\/nijar.org\/?attachment_id=390\" class=\"wp-image-390\" srcset=\"https:\/\/nijar.org\/wp-content\/uploads\/2022\/01\/DSC03685-1024x576.jpg 1024w, https:\/\/nijar.org\/wp-content\/uploads\/2022\/01\/DSC03685-600x338.jpg 600w, https:\/\/nijar.org\/wp-content\/uploads\/2022\/01\/DSC03685-300x169.jpg 300w, https:\/\/nijar.org\/wp-content\/uploads\/2022\/01\/DSC03685-768x432.jpg 768w, https:\/\/nijar.org\/wp-content\/uploads\/2022\/01\/DSC03685-1536x864.jpg 1536w, https:\/\/nijar.org\/wp-content\/uploads\/2022\/01\/DSC03685.jpg 2001w\" sizes=\"(max-width: 1024px) 100vw, 1024px\" \/><\/a><\/figure><\/li><li class=\"blocks-gallery-item\"><figure><a href=\"https:\/\/nijar.org\/wp-content\/uploads\/2022\/01\/DSC03686.jpg\"><img loading=\"lazy\" decoding=\"async\" width=\"1024\" height=\"576\" src=\"https:\/\/nijar.org\/wp-content\/uploads\/2022\/01\/DSC03686-1024x576.jpg\" alt=\"\" data-id=\"391\" data-full-url=\"https:\/\/nijar.org\/wp-content\/uploads\/2022\/01\/DSC03686.jpg\" data-link=\"https:\/\/nijar.org\/?attachment_id=391\" class=\"wp-image-391\" srcset=\"https:\/\/nijar.org\/wp-content\/uploads\/2022\/01\/DSC03686-1024x576.jpg 1024w, https:\/\/nijar.org\/wp-content\/uploads\/2022\/01\/DSC03686-600x338.jpg 600w, https:\/\/nijar.org\/wp-content\/uploads\/2022\/01\/DSC03686-300x169.jpg 300w, https:\/\/nijar.org\/wp-content\/uploads\/2022\/01\/DSC03686-768x432.jpg 768w, https:\/\/nijar.org\/wp-content\/uploads\/2022\/01\/DSC03686-1536x864.jpg 1536w, https:\/\/nijar.org\/wp-content\/uploads\/2022\/01\/DSC03686.jpg 2001w\" sizes=\"(max-width: 1024px) 100vw, 1024px\" \/><\/a><\/figure><\/li><\/ul><\/figure>\n\n\n\n<div style=\"height:50px\" aria-hidden=\"true\" class=\"wp-block-spacer\"><\/div>\n\n\n\n<p>A vizinhan\u00e7a segue curiosamente as nossas actividades. L'altro giorno stavamo lavorando nel giardino e alcune persone del paese si sono venute a farci i complimenti per il nostro lavoro, per come abbiamo progettato e creato le nostre panche e i rubinetti dell'acqua del giardino, cos\u00ec anche loro notano il paradiso che si sta lentamente manifestando a N\u00edjar. Maria e Andr\u00e9e prepararam os pequenos pratos de Natal para os nossos vizinhos; And\u00e9e fez a marmelada com as nossas aranhas e Maria preparou os biscoitos, que, com um pouco de chocolate, ser\u00e3o confeccionados e servidos aos nossos vizinhos e amigos.<\/p>\n\n\n\n<div style=\"height:50px\" aria-hidden=\"true\" class=\"wp-block-spacer\"><\/div>\n\n\n\n<figure class=\"wp-block-gallery columns-0 is-cropped wp-block-gallery-10 is-layout-flex wp-block-gallery-is-layout-flex\"><ul class=\"blocks-gallery-grid\"><li class=\"blocks-gallery-item\"><figure><a href=\"https:\/\/nijar.org\/wp-content\/uploads\/2022\/01\/DSC03731.jpg\"><img loading=\"lazy\" decoding=\"async\" width=\"1024\" height=\"576\" src=\"https:\/\/nijar.org\/wp-content\/uploads\/2022\/01\/DSC03731-1024x576.jpg\" alt=\"\" data-id=\"393\" data-full-url=\"https:\/\/nijar.org\/wp-content\/uploads\/2022\/01\/DSC03731.jpg\" data-link=\"https:\/\/nijar.org\/?attachment_id=393\" class=\"wp-image-393\" srcset=\"https:\/\/nijar.org\/wp-content\/uploads\/2022\/01\/DSC03731-1024x576.jpg 1024w, https:\/\/nijar.org\/wp-content\/uploads\/2022\/01\/DSC03731-600x338.jpg 600w, https:\/\/nijar.org\/wp-content\/uploads\/2022\/01\/DSC03731-300x169.jpg 300w, https:\/\/nijar.org\/wp-content\/uploads\/2022\/01\/DSC03731-768x432.jpg 768w, https:\/\/nijar.org\/wp-content\/uploads\/2022\/01\/DSC03731-1536x864.jpg 1536w, https:\/\/nijar.org\/wp-content\/uploads\/2022\/01\/DSC03731.jpg 2001w\" sizes=\"(max-width: 1024px) 100vw, 1024px\" \/><\/a><\/figure><\/li><\/ul><\/figure>\n\n\n\n<figure class=\"wp-block-gallery columns-2 is-cropped wp-block-gallery-11 is-layout-flex wp-block-gallery-is-layout-flex\"><ul class=\"blocks-gallery-grid\"><li class=\"blocks-gallery-item\"><figure><a href=\"https:\/\/nijar.org\/wp-content\/uploads\/2022\/01\/DSC03721.jpg\"><img loading=\"lazy\" decoding=\"async\" width=\"1024\" height=\"576\" src=\"https:\/\/nijar.org\/wp-content\/uploads\/2022\/01\/DSC03721-1024x576.jpg\" alt=\"\" data-id=\"382\" data-full-url=\"https:\/\/nijar.org\/wp-content\/uploads\/2022\/01\/DSC03721.jpg\" data-link=\"https:\/\/nijar.org\/?attachment_id=382\" class=\"wp-image-382\" srcset=\"https:\/\/nijar.org\/wp-content\/uploads\/2022\/01\/DSC03721-1024x576.jpg 1024w, https:\/\/nijar.org\/wp-content\/uploads\/2022\/01\/DSC03721-600x338.jpg 600w, https:\/\/nijar.org\/wp-content\/uploads\/2022\/01\/DSC03721-300x169.jpg 300w, https:\/\/nijar.org\/wp-content\/uploads\/2022\/01\/DSC03721-768x432.jpg 768w, https:\/\/nijar.org\/wp-content\/uploads\/2022\/01\/DSC03721-1536x864.jpg 1536w, https:\/\/nijar.org\/wp-content\/uploads\/2022\/01\/DSC03721.jpg 2001w\" sizes=\"(max-width: 1024px) 100vw, 1024px\" \/><\/a><\/figure><\/li><li class=\"blocks-gallery-item\"><figure><a href=\"https:\/\/nijar.org\/wp-content\/uploads\/2022\/01\/DSC03746.jpg\"><img loading=\"lazy\" decoding=\"async\" width=\"1024\" height=\"576\" src=\"https:\/\/nijar.org\/wp-content\/uploads\/2022\/01\/DSC03746-1024x576.jpg\" alt=\"\" data-id=\"385\" data-full-url=\"https:\/\/nijar.org\/wp-content\/uploads\/2022\/01\/DSC03746.jpg\" data-link=\"https:\/\/nijar.org\/?attachment_id=385\" class=\"wp-image-385\" srcset=\"https:\/\/nijar.org\/wp-content\/uploads\/2022\/01\/DSC03746-1024x576.jpg 1024w, https:\/\/nijar.org\/wp-content\/uploads\/2022\/01\/DSC03746-600x338.jpg 600w, https:\/\/nijar.org\/wp-content\/uploads\/2022\/01\/DSC03746-300x169.jpg 300w, https:\/\/nijar.org\/wp-content\/uploads\/2022\/01\/DSC03746-768x432.jpg 768w, https:\/\/nijar.org\/wp-content\/uploads\/2022\/01\/DSC03746-1536x864.jpg 1536w, https:\/\/nijar.org\/wp-content\/uploads\/2022\/01\/DSC03746.jpg 2001w\" sizes=\"(max-width: 1024px) 100vw, 1024px\" \/><\/a><\/figure><\/li><\/ul><\/figure>\n\n\n\n<div style=\"height:50px\" aria-hidden=\"true\" class=\"wp-block-spacer\"><\/div>\n\n\n\n<h2 class=\"wp-block-heading\"><strong>Novas constru\u00e7\u00f5es e melhorias<\/strong><\/h2>\n\n\n\n<p>O novo parque de estacionamento \u00e9 muito mais amplo do que se esperava. Foram criadas duas balan\u00e7as para aceder \u00e0s bancadas dos h\u00f3spedes e \u00e0s docas do terra\u00e7o comum da cozinha. Trata-se de um meraviglioso miglioramento e do cancello d'ingresso si intravede un piccolo recinto simile a un villaggio. Com estes trabalhos, cri\u00e1mos tamb\u00e9m um espa\u00e7o para conservar a perna junto \u00e0 entrada. Poich\u00e8 il monastero e la nostra sala di meditazione temporaneache ora dispongono di stufe a legna, avevamo bisogno anche di un luogo dove riporre la legna. O toque final desta parte dos trabalhos \u00e9 o pavimento da entrada para o terra\u00e7o da cozinha, que ser\u00e1 realizado proximamente.<\/p>\n\n\n\n<div style=\"height:50px\" aria-hidden=\"true\" class=\"wp-block-spacer\"><\/div>\n\n\n\n<figure class=\"wp-block-gallery columns-0 is-cropped wp-block-gallery-12 is-layout-flex wp-block-gallery-is-layout-flex\"><ul class=\"blocks-gallery-grid\"><li class=\"blocks-gallery-item\"><figure><a href=\"https:\/\/nijar.org\/wp-content\/uploads\/2022\/01\/DSC03672.jpg\"><img loading=\"lazy\" decoding=\"async\" width=\"1024\" height=\"539\" src=\"https:\/\/nijar.org\/wp-content\/uploads\/2022\/01\/DSC03672-1024x539.jpg\" alt=\"\" data-id=\"375\" data-full-url=\"https:\/\/nijar.org\/wp-content\/uploads\/2022\/01\/DSC03672.jpg\" data-link=\"https:\/\/nijar.org\/?attachment_id=375\" class=\"wp-image-375\" srcset=\"https:\/\/nijar.org\/wp-content\/uploads\/2022\/01\/DSC03672-1024x539.jpg 1024w, https:\/\/nijar.org\/wp-content\/uploads\/2022\/01\/DSC03672-600x316.jpg 600w, https:\/\/nijar.org\/wp-content\/uploads\/2022\/01\/DSC03672-300x158.jpg 300w, https:\/\/nijar.org\/wp-content\/uploads\/2022\/01\/DSC03672-768x404.jpg 768w, https:\/\/nijar.org\/wp-content\/uploads\/2022\/01\/DSC03672-1536x808.jpg 1536w, https:\/\/nijar.org\/wp-content\/uploads\/2022\/01\/DSC03672.jpg 2000w\" sizes=\"(max-width: 1024px) 100vw, 1024px\" \/><\/a><\/figure><\/li><\/ul><\/figure>\n\n\n\n<div style=\"height:50px\" aria-hidden=\"true\" class=\"wp-block-spacer\"><\/div>\n\n\n\n<p>La grande scala che abbiamo realizzato l'anno scorso in legno sar\u00e0 sostituita da una in pietra, progettata dallo stesso Yogin\u00e2m, ricoperta di intonaco bianco come il resto delle case. Estes trabalhos foram iniciados nos \u00faltimos trimestres, um pouco antes do Natal. A escala em legno n\u00e3o foi criada para durar e, como os gradientes eram muito altos, o risco de les\u00f5es e incidentes era muito grande.<\/p>\n\n\n\n<div style=\"height:50px\" aria-hidden=\"true\" class=\"wp-block-spacer\"><\/div>\n\n\n\n<figure class=\"wp-block-gallery columns-1 is-cropped wp-block-gallery-13 is-layout-flex wp-block-gallery-is-layout-flex\"><ul class=\"blocks-gallery-grid\"><li class=\"blocks-gallery-item\"><figure><a href=\"https:\/\/nijar.org\/wp-content\/uploads\/2022\/01\/DSC03689.jpg\"><img loading=\"lazy\" decoding=\"async\" width=\"1024\" height=\"576\" src=\"https:\/\/nijar.org\/wp-content\/uploads\/2022\/01\/DSC03689-1024x576.jpg\" alt=\"\" data-id=\"376\" data-full-url=\"https:\/\/nijar.org\/wp-content\/uploads\/2022\/01\/DSC03689.jpg\" data-link=\"https:\/\/nijar.org\/?attachment_id=376\" class=\"wp-image-376\" srcset=\"https:\/\/nijar.org\/wp-content\/uploads\/2022\/01\/DSC03689-1024x576.jpg 1024w, https:\/\/nijar.org\/wp-content\/uploads\/2022\/01\/DSC03689-600x337.jpg 600w, https:\/\/nijar.org\/wp-content\/uploads\/2022\/01\/DSC03689-300x169.jpg 300w, https:\/\/nijar.org\/wp-content\/uploads\/2022\/01\/DSC03689-768x432.jpg 768w, https:\/\/nijar.org\/wp-content\/uploads\/2022\/01\/DSC03689-1536x864.jpg 1536w, https:\/\/nijar.org\/wp-content\/uploads\/2022\/01\/DSC03689.jpg 2002w\" sizes=\"(max-width: 1024px) 100vw, 1024px\" \/><\/a><\/figure><\/li><\/ul><\/figure>\n\n\n\n<figure class=\"wp-block-gallery columns-0 is-cropped wp-block-gallery-14 is-layout-flex wp-block-gallery-is-layout-flex\"><ul class=\"blocks-gallery-grid\"><li class=\"blocks-gallery-item\"><figure><a href=\"https:\/\/nijar.org\/wp-content\/uploads\/2022\/01\/DSC03737.jpg\"><img loading=\"lazy\" decoding=\"async\" width=\"1024\" height=\"576\" src=\"https:\/\/nijar.org\/wp-content\/uploads\/2022\/01\/DSC03737-1024x576.jpg\" alt=\"\" data-id=\"394\" data-full-url=\"https:\/\/nijar.org\/wp-content\/uploads\/2022\/01\/DSC03737.jpg\" data-link=\"https:\/\/nijar.org\/?attachment_id=394\" class=\"wp-image-394\" srcset=\"https:\/\/nijar.org\/wp-content\/uploads\/2022\/01\/DSC03737-1024x576.jpg 1024w, https:\/\/nijar.org\/wp-content\/uploads\/2022\/01\/DSC03737-600x338.jpg 600w, https:\/\/nijar.org\/wp-content\/uploads\/2022\/01\/DSC03737-300x169.jpg 300w, https:\/\/nijar.org\/wp-content\/uploads\/2022\/01\/DSC03737-768x432.jpg 768w, https:\/\/nijar.org\/wp-content\/uploads\/2022\/01\/DSC03737-1536x864.jpg 1536w, https:\/\/nijar.org\/wp-content\/uploads\/2022\/01\/DSC03737.jpg 2001w\" sizes=\"(max-width: 1024px) 100vw, 1024px\" \/><\/a><\/figure><\/li><li class=\"blocks-gallery-item\"><figure><a href=\"https:\/\/nijar.org\/wp-content\/uploads\/2022\/01\/DSC03752.jpg\"><img loading=\"lazy\" decoding=\"async\" width=\"1024\" height=\"576\" src=\"https:\/\/nijar.org\/wp-content\/uploads\/2022\/01\/DSC03752-1024x576.jpg\" alt=\"\" data-id=\"386\" data-full-url=\"https:\/\/nijar.org\/wp-content\/uploads\/2022\/01\/DSC03752.jpg\" data-link=\"https:\/\/nijar.org\/?attachment_id=386\" class=\"wp-image-386\" srcset=\"https:\/\/nijar.org\/wp-content\/uploads\/2022\/01\/DSC03752-1024x576.jpg 1024w, https:\/\/nijar.org\/wp-content\/uploads\/2022\/01\/DSC03752-600x338.jpg 600w, https:\/\/nijar.org\/wp-content\/uploads\/2022\/01\/DSC03752-300x169.jpg 300w, https:\/\/nijar.org\/wp-content\/uploads\/2022\/01\/DSC03752-768x432.jpg 768w, https:\/\/nijar.org\/wp-content\/uploads\/2022\/01\/DSC03752-1536x864.jpg 1536w, https:\/\/nijar.org\/wp-content\/uploads\/2022\/01\/DSC03752.jpg 2001w\" sizes=\"(max-width: 1024px) 100vw, 1024px\" \/><\/a><\/figure><\/li><\/ul><\/figure>\n\n\n\n<figure class=\"wp-block-gallery columns-1 is-cropped wp-block-gallery-15 is-layout-flex wp-block-gallery-is-layout-flex\"><ul class=\"blocks-gallery-grid\"><li class=\"blocks-gallery-item\"><figure><a href=\"https:\/\/nijar.org\/wp-content\/uploads\/2022\/01\/DSC03742.jpg\"><img loading=\"lazy\" decoding=\"async\" width=\"1024\" height=\"576\" src=\"https:\/\/nijar.org\/wp-content\/uploads\/2022\/01\/DSC03742-1024x576.jpg\" alt=\"\" data-id=\"384\" data-full-url=\"https:\/\/nijar.org\/wp-content\/uploads\/2022\/01\/DSC03742.jpg\" data-link=\"https:\/\/nijar.org\/?attachment_id=384\" class=\"wp-image-384\" srcset=\"https:\/\/nijar.org\/wp-content\/uploads\/2022\/01\/DSC03742-1024x576.jpg 1024w, https:\/\/nijar.org\/wp-content\/uploads\/2022\/01\/DSC03742-600x338.jpg 600w, https:\/\/nijar.org\/wp-content\/uploads\/2022\/01\/DSC03742-300x169.jpg 300w, https:\/\/nijar.org\/wp-content\/uploads\/2022\/01\/DSC03742-768x432.jpg 768w, https:\/\/nijar.org\/wp-content\/uploads\/2022\/01\/DSC03742-1536x864.jpg 1536w, https:\/\/nijar.org\/wp-content\/uploads\/2022\/01\/DSC03742.jpg 2001w\" sizes=\"(max-width: 1024px) 100vw, 1024px\" \/><\/a><\/figure><\/li><\/ul><\/figure>\n\n\n\n<div style=\"height:50px\" aria-hidden=\"true\" class=\"wp-block-spacer\"><\/div>\n\n\n\n<p>O Yogin\u00e2m j\u00e1 indicou que as balan\u00e7as de nova conce\u00e7\u00e3o s\u00e3o um elemento fundamental no nosso jardim, com uma fun\u00e7\u00e3o especial no nosso modo de vida contemplativo.<\/p>\n\n\n\n<p>Continua...<\/p>\n\n\n\n<div style=\"height:50px\" aria-hidden=\"true\" class=\"wp-block-spacer\"><\/div>\n\n\n\n<figure class=\"wp-block-gallery columns-1 is-cropped wp-block-gallery-16 is-layout-flex wp-block-gallery-is-layout-flex\"><ul class=\"blocks-gallery-grid\"><li class=\"blocks-gallery-item\"><figure><a href=\"https:\/\/nijar.org\/wp-content\/uploads\/2022\/01\/DSC03634.jpg\"><img loading=\"lazy\" decoding=\"async\" width=\"1024\" height=\"576\" src=\"https:\/\/nijar.org\/wp-content\/uploads\/2022\/01\/DSC03634-1024x576.jpg\" alt=\"\" data-id=\"388\" data-full-url=\"https:\/\/nijar.org\/wp-content\/uploads\/2022\/01\/DSC03634.jpg\" data-link=\"https:\/\/nijar.org\/?attachment_id=388\" class=\"wp-image-388\" srcset=\"https:\/\/nijar.org\/wp-content\/uploads\/2022\/01\/DSC03634-1024x576.jpg 1024w, https:\/\/nijar.org\/wp-content\/uploads\/2022\/01\/DSC03634-600x338.jpg 600w, https:\/\/nijar.org\/wp-content\/uploads\/2022\/01\/DSC03634-300x169.jpg 300w, https:\/\/nijar.org\/wp-content\/uploads\/2022\/01\/DSC03634-768x432.jpg 768w, https:\/\/nijar.org\/wp-content\/uploads\/2022\/01\/DSC03634-1536x864.jpg 1536w, https:\/\/nijar.org\/wp-content\/uploads\/2022\/01\/DSC03634.jpg 2001w\" sizes=\"(max-width: 1024px) 100vw, 1024px\" \/><\/a><\/figure><\/li><\/ul><\/figure>\n\n\n\n<figure class=\"wp-block-gallery columns-1 is-cropped wp-block-gallery-17 is-layout-flex wp-block-gallery-is-layout-flex\"><ul class=\"blocks-gallery-grid\"><li class=\"blocks-gallery-item\"><figure><a href=\"https:\/\/nijar.org\/wp-content\/uploads\/2022\/01\/DSC03654.jpg\"><img loading=\"lazy\" decoding=\"async\" width=\"1024\" height=\"576\" src=\"https:\/\/nijar.org\/wp-content\/uploads\/2022\/01\/DSC03654-1024x576.jpg\" alt=\"\" data-id=\"387\" data-full-url=\"https:\/\/nijar.org\/wp-content\/uploads\/2022\/01\/DSC03654.jpg\" data-link=\"https:\/\/nijar.org\/?attachment_id=387\" class=\"wp-image-387\" srcset=\"https:\/\/nijar.org\/wp-content\/uploads\/2022\/01\/DSC03654-1024x576.jpg 1024w, https:\/\/nijar.org\/wp-content\/uploads\/2022\/01\/DSC03654-600x338.jpg 600w, https:\/\/nijar.org\/wp-content\/uploads\/2022\/01\/DSC03654-300x169.jpg 300w, https:\/\/nijar.org\/wp-content\/uploads\/2022\/01\/DSC03654-768x432.jpg 768w, https:\/\/nijar.org\/wp-content\/uploads\/2022\/01\/DSC03654-1536x864.jpg 1536w, https:\/\/nijar.org\/wp-content\/uploads\/2022\/01\/DSC03654.jpg 2001w\" sizes=\"(max-width: 1024px) 100vw, 1024px\" \/><\/a><\/figure><\/li><\/ul><\/figure>","protected":false},"excerpt":{"rendered":"<p>O m\u00eas de dezembro est\u00e1 a decorrer rapidamente e tem havido muito trabalho, tanto no jardim como nas casas. Abbiamo avuto alcuni ospiti che ci hanno allietato con la loro presenza e hanno contribuito all'atmosfera generale. O Melvin partiu para uma visita aos Pa\u00edses Baixos, tal como o Edwin, nosso h\u00f3spede desde h\u00e1 muito tempo. Entrambi ritorneranno...<\/p>","protected":false},"author":8,"featured_media":451,"comment_status":"open","ping_status":"open","sticky":false,"template":"","format":"standard","meta":{"_kad_post_transparent":"","_kad_post_title":"","_kad_post_layout":"","_kad_post_sidebar_id":"","_kad_post_content_style":"","_kad_post_vertical_padding":"","_kad_post_feature":"","_kad_post_feature_position":"","_kad_post_header":false,"_kad_post_footer":false,"_kad_post_classname":"","footnotes":""},"categories":[12],"tags":[],"class_list":["post-404","post","type-post","status-publish","format-standard","has-post-thumbnail","hentry","category-diario-del-mese"],"aioseo_notices":[],"_links":{"self":[{"href":"https:\/\/nijar.org\/pt\/wp-json\/wp\/v2\/posts\/404","targetHints":{"allow":["GET"]}}],"collection":[{"href":"https:\/\/nijar.org\/pt\/wp-json\/wp\/v2\/posts"}],"about":[{"href":"https:\/\/nijar.org\/pt\/wp-json\/wp\/v2\/types\/post"}],"author":[{"embeddable":true,"href":"https:\/\/nijar.org\/pt\/wp-json\/wp\/v2\/users\/8"}],"replies":[{"embeddable":true,"href":"https:\/\/nijar.org\/pt\/wp-json\/wp\/v2\/comments?post=404"}],"version-history":[{"count":0,"href":"https:\/\/nijar.org\/pt\/wp-json\/wp\/v2\/posts\/404\/revisions"}],"wp:featuredmedia":[{"embeddable":true,"href":"https:\/\/nijar.org\/pt\/wp-json\/wp\/v2\/media\/451"}],"wp:attachment":[{"href":"https:\/\/nijar.org\/pt\/wp-json\/wp\/v2\/media?parent=404"}],"wp:term":[{"taxonomy":"category","embeddable":true,"href":"https:\/\/nijar.org\/pt\/wp-json\/wp\/v2\/categories?post=404"},{"taxonomy":"post_tag","embeddable":true,"href":"https:\/\/nijar.org\/pt\/wp-json\/wp\/v2\/tags?post=404"}],"curies":[{"name":"wp","href":"https:\/\/api.w.org\/{rel}","templated":true}]}}