{"id":8262,"global_id":"nijar.org\/pt?id=8262","global_id_lineage":["nijar.org\/pt?id=8262"],"author":"8","status":"publish","date":"2024-10-20 11:13:21","date_utc":"2024-10-20 09:13:21","modified":"2024-10-20 11:24:44","modified_utc":"2024-10-20 09:24:44","url":"https:\/\/nijar.org\/pt\/evento\/retiro-de-silencio-nam-com-yoginam-novembro-2024","rest_url":"https:\/\/nijar.org\/pt\/wp-json\/tribe\/events\/v1\/events\/8262","title":"N\u00e2m Silence Retreat with Yogin\u00e2m November 2024","description":"<p>Five days of complete silence with a daily programme of regular meditations supported by Yogin\u00e2m\u2019s HarpMood.<\/p>","excerpt":"","slug":"nam-silence-retreat-with-yoginam-november-2024","image":{"url":"https:\/\/nijar.org\/wp-content\/uploads\/2023\/01\/00069.00_06_36_08.Still012-comp.jpg","id":1529,"extension":"jpg","width":1920,"height":1080,"filesize":94680,"sizes":{"medium":{"width":300,"height":169,"mime-type":"image\/jpeg","filesize":10531,"url":"https:\/\/nijar.org\/wp-content\/uploads\/2023\/01\/00069.00_06_36_08.Still012-comp-300x169.jpg"},"large":{"width":1024,"height":576,"mime-type":"image\/jpeg","filesize":60520,"url":"https:\/\/nijar.org\/wp-content\/uploads\/2023\/01\/00069.00_06_36_08.Still012-comp-1024x576.jpg"},"thumbnail":{"width":150,"height":150,"mime-type":"image\/jpeg","filesize":6138,"url":"https:\/\/nijar.org\/wp-content\/uploads\/2023\/01\/00069.00_06_36_08.Still012-comp-150x150.jpg"},"medium_large":{"width":768,"height":432,"mime-type":"image\/jpeg","filesize":39607,"url":"https:\/\/nijar.org\/wp-content\/uploads\/2023\/01\/00069.00_06_36_08.Still012-comp-768x432.jpg"},"1536x1536":{"width":1536,"height":864,"mime-type":"image\/jpeg","filesize":108392,"url":"https:\/\/nijar.org\/wp-content\/uploads\/2023\/01\/00069.00_06_36_08.Still012-comp-1536x864.jpg"},"woocommerce_thumbnail":{"width":300,"height":300,"mime-type":"image\/jpeg","filesize":15915,"uncropped":false,"url":"https:\/\/nijar.org\/wp-content\/uploads\/2023\/01\/00069.00_06_36_08.Still012-comp-300x300.jpg"},"woocommerce_single":{"width":600,"height":338,"mime-type":"image\/jpeg","filesize":28424,"url":"https:\/\/nijar.org\/wp-content\/uploads\/2023\/01\/00069.00_06_36_08.Still012-comp-600x338.jpg"},"woocommerce_gallery_thumbnail":{"width":100,"height":100,"mime-type":"image\/jpeg","filesize":3691,"url":"https:\/\/nijar.org\/wp-content\/uploads\/2023\/01\/00069.00_06_36_08.Still012-comp-100x100.jpg"}}},"all_day":false,"start_date":"2024-11-03 15:00:00","start_date_details":{"year":"2024","month":"11","day":"03","hour":"15","minutes":"00","seconds":"00"},"end_date":"2024-11-09 08:00:00","end_date_details":{"year":"2024","month":"11","day":"09","hour":"08","minutes":"00","seconds":"00"},"utc_start_date":"2024-11-03 14:00:00","utc_start_date_details":{"year":"2024","month":"11","day":"03","hour":"14","minutes":"00","seconds":"00"},"utc_end_date":"2024-11-09 07:00:00","utc_end_date_details":{"year":"2024","month":"11","day":"09","hour":"07","minutes":"00","seconds":"00"},"timezone":"Europe\/Madrid","timezone_abbr":"CET","cost":"\u20ac695","cost_details":{"currency_symbol":"\u20ac","currency_code":"EUR","currency_position":"prefix","values":["695"]},"website":"https:\/\/nijar.org\/nam-retreat-booking-request?retreat=N\u00e2m%20Retreat%20of%20Silence&amp;date=03%20November%20-%2009%20November%202024","show_map":true,"show_map_link":true,"hide_from_listings":false,"sticky":false,"featured":false,"categories":[{"name":"N\u00e2m","slug":"nam","term_group":0,"term_taxonomy_id":55,"taxonomy":"tribe_events_cat","description":"","parent":0,"count":23,"filter":"raw","id":55,"urls":{"self":"https:\/\/nijar.org\/pt\/wp-json\/tribe\/events\/v1\/categories\/55","collection":"https:\/\/nijar.org\/pt\/wp-json\/tribe\/events\/v1\/categories"}},{"name":"N\u00e2m Silence Retreat","slug":"nam-silence-retreat","term_group":0,"term_taxonomy_id":82,"taxonomy":"tribe_events_cat","description":"","parent":55,"count":12,"filter":"raw","id":82,"urls":{"self":"https:\/\/nijar.org\/pt\/wp-json\/tribe\/events\/v1\/categories\/82","collection":"https:\/\/nijar.org\/pt\/wp-json\/tribe\/events\/v1\/categories","up":"https:\/\/nijar.org\/pt\/wp-json\/tribe\/events\/v1\/categories\/55"}}],"tags":[{"name":"N\u00e2m","slug":"nam","term_group":0,"term_taxonomy_id":73,"taxonomy":"post_tag","description":"","parent":0,"count":17,"filter":"raw","id":73,"urls":{"self":"https:\/\/nijar.org\/pt\/wp-json\/tribe\/events\/v1\/tags\/73","collection":"https:\/\/nijar.org\/pt\/wp-json\/tribe\/events\/v1\/tags"}},{"name":"Silence","slug":"silence","term_group":0,"term_taxonomy_id":88,"taxonomy":"post_tag","description":"","parent":0,"count":17,"filter":"raw","id":88,"urls":{"self":"https:\/\/nijar.org\/pt\/wp-json\/tribe\/events\/v1\/tags\/88","collection":"https:\/\/nijar.org\/pt\/wp-json\/tribe\/events\/v1\/tags"}}],"venue":{"id":1540,"author":"8","status":"publish","date":"2023-01-01 12:37:17","date_utc":"2023-01-01 11:37:17","modified":"2023-11-27 08:55:45","modified_utc":"2023-11-27 07:55:45","url":"https:\/\/nijar.org\/pt\/local\/asharum-nijar","venue":"The Garden of N\u00e2m Living","slug":"asharum-nijar","address":"N\u00edjar Meditation Center","city":"N\u00ecjar","country":"Spain","province":"N\u00ecjar","zip":"04100","website":"https:\/\/nijar.org","stateprovince":"N\u00ecjar","json_ld":{"@type":"Place","name":"The Garden of N\u00e2m Living","description":"","url":"","address":{"@type":"PostalAddress","streetAddress":"N\u00edjar Meditation Center","addressLocality":"N\u00ecjar","addressRegion":"N\u00ecjar","postalCode":"04100","addressCountry":"Spain"},"telephone":"","sameAs":"https:\/\/nijar.org"},"show_map":false,"show_map_link":true,"global_id":"nijar.org\/pt?id=1540","global_id_lineage":["nijar.org\/pt?id=1540"]},"organizer":[{"id":1577,"author":"8","status":"publish","date":"2023-01-01 16:00:15","date_utc":"2023-01-01 15:00:15","modified":"2023-01-01 16:00:15","modified_utc":"2023-01-01 15:00:15","url":"https:\/\/nijar.org\/pt\/organizador\/fundacao-nam","organizer":"N\u00e2m Foundation","slug":"nam-foundation","website":"https:\/\/livingnam.org","email":"contact@livingnam.org","json_ld":{"@type":"Person","name":"N\u00e2m Foundation","description":"","url":"https:\/\/livingnam.org","telephone":"","email":"&#99;onta&#99;t&#64;living&#110;&#97;m&#46;or&#103;","sameAs":"https:\/\/livingnam.org"},"global_id":"nijar.org\/pt?id=1577","global_id_lineage":["nijar.org\/pt?id=1577"]}],"custom_fields":[],"json_ld":{"@context":"http:\/\/schema.org","@type":"Event","name":"N\u00e2m Silence Retreat with Yogin\u00e2m November 2024","description":"&lt;p&gt;Five days of complete silence with a daily programme of regular meditations supported by Yogin\u00e2m\u2019s HarpMood.&lt;\/p&gt;\\n","image":"https:\/\/nijar.org\/wp-content\/uploads\/2023\/01\/00069.00_06_36_08.Still012-comp.jpg","url":"https:\/\/nijar.org\/pt\/evento\/retiro-de-silencio-nam-com-yoginam-novembro-2024\/","eventAttendanceMode":"https:\/\/schema.org\/OfflineEventAttendanceMode","eventStatus":"https:\/\/schema.org\/EventScheduled","startDate":"2024-11-03T15:00:00+01:00","endDate":"2024-11-09T08:00:00+01:00","location":{"@type":"Place","name":"The Garden of N\u00e2m Living","description":"","url":"","address":{"@type":"PostalAddress","streetAddress":"N\u00edjar Meditation Center","addressLocality":"N\u00ecjar","addressRegion":"N\u00ecjar","postalCode":"04100","addressCountry":"Spain"},"telephone":"","sameAs":"https:\/\/nijar.org"},"organizer":{"@type":"Person","name":"N\u00e2m Foundation","description":"","url":"https:\/\/livingnam.org","telephone":"","email":"c&#111;n&#116;a&#99;&#116;&#64;&#108;i&#118;i&#110;&#103;&#110;&#97;m.&#111;r&#103;","sameAs":"https:\/\/livingnam.org"},"offers":{"@type":"Offer","price":"695","priceCurrency":"EUR","url":"https:\/\/nijar.org\/pt\/evento\/retiro-de-silencio-nam-com-yoginam-novembro-2024\/","category":"primary","availability":"inStock","validFrom":"1970-01-01T00:00:00+00:00"},"performer":"Organization"}}