{"id":5938,"global_id":"nijar.org\/nl?id=5938","global_id_lineage":["nijar.org\/nl?id=5938"],"author":"8","status":"publish","date":"2024-02-03 08:39:04","date_utc":"2024-02-03 07:39:04","modified":"2024-12-05 19:07:06","modified_utc":"2024-12-05 18:07:06","url":"https:\/\/nijar.org\/nl\/evenement\/nam-meditatie-retraite-mei-2025","rest_url":"https:\/\/nijar.org\/nl\/wp-json\/tribe\/events\/v1\/events\/5938","title":"N\u00e2m Meditation Retreat May 2025","description":"<p>An intensive retreat opens to Awareness and to deeper and wider resonance of living.<\/p>","excerpt":"","slug":"nam-meditation-retreat-may-2025","image":{"url":"https:\/\/nijar.org\/wp-content\/uploads\/2023\/06\/WhatsApp-Image-2022-10-04-at-15.15.51.jpeg","id":2169,"extension":"jpeg","width":1600,"height":900,"filesize":179579,"sizes":{"medium":{"width":300,"height":169,"mime-type":"image\/jpeg","filesize":8665,"url":"https:\/\/nijar.org\/wp-content\/uploads\/2023\/06\/WhatsApp-Image-2022-10-04-at-15.15.51-300x169.jpeg"},"large":{"width":1024,"height":576,"mime-type":"image\/jpeg","filesize":52984,"url":"https:\/\/nijar.org\/wp-content\/uploads\/2023\/06\/WhatsApp-Image-2022-10-04-at-15.15.51-1024x576.jpeg"},"thumbnail":{"width":150,"height":150,"mime-type":"image\/jpeg","filesize":4838,"url":"https:\/\/nijar.org\/wp-content\/uploads\/2023\/06\/WhatsApp-Image-2022-10-04-at-15.15.51-150x150.jpeg"},"medium_large":{"width":768,"height":432,"mime-type":"image\/jpeg","filesize":33835,"url":"https:\/\/nijar.org\/wp-content\/uploads\/2023\/06\/WhatsApp-Image-2022-10-04-at-15.15.51-768x432.jpeg"},"1536x1536":{"width":1536,"height":864,"mime-type":"image\/jpeg","filesize":100587,"url":"https:\/\/nijar.org\/wp-content\/uploads\/2023\/06\/WhatsApp-Image-2022-10-04-at-15.15.51-1536x864.jpeg"},"woocommerce_thumbnail":{"width":300,"height":300,"mime-type":"image\/jpeg","filesize":11615,"uncropped":false,"url":"https:\/\/nijar.org\/wp-content\/uploads\/2023\/06\/WhatsApp-Image-2022-10-04-at-15.15.51-300x300.jpeg"},"woocommerce_single":{"width":600,"height":338,"mime-type":"image\/jpeg","filesize":23613,"url":"https:\/\/nijar.org\/wp-content\/uploads\/2023\/06\/WhatsApp-Image-2022-10-04-at-15.15.51-600x338.jpeg"},"woocommerce_gallery_thumbnail":{"width":100,"height":100,"mime-type":"image\/jpeg","filesize":3169,"url":"https:\/\/nijar.org\/wp-content\/uploads\/2023\/06\/WhatsApp-Image-2022-10-04-at-15.15.51-100x100.jpeg"}}},"all_day":false,"start_date":"2025-05-12 15:00:00","start_date_details":{"year":"2025","month":"05","day":"12","hour":"15","minutes":"00","seconds":"00"},"end_date":"2025-05-16 08:00:00","end_date_details":{"year":"2025","month":"05","day":"16","hour":"08","minutes":"00","seconds":"00"},"utc_start_date":"2025-05-12 13:00:00","utc_start_date_details":{"year":"2025","month":"05","day":"12","hour":"13","minutes":"00","seconds":"00"},"utc_end_date":"2025-05-16 06:00:00","utc_end_date_details":{"year":"2025","month":"05","day":"16","hour":"06","minutes":"00","seconds":"00"},"timezone":"Europe\/Madrid","timezone_abbr":"CEST","cost":"\u20ac390","cost_details":{"currency_symbol":"\u20ac","currency_code":"EUR","currency_position":"prefix","values":["390"]},"website":"https:\/\/booking.nijar.org\/en\/product\/nam-meditation-retreat\/?start=2025-05-12&amp;duration=4","show_map":true,"show_map_link":true,"hide_from_listings":false,"sticky":false,"featured":false,"categories":[{"name":"Essence of Meditation Retreat","slug":"essence-of-meditation-retreat","term_group":0,"term_taxonomy_id":83,"taxonomy":"tribe_events_cat","description":"","parent":55,"count":8,"filter":"raw","id":83,"urls":{"self":"https:\/\/nijar.org\/nl\/wp-json\/tribe\/events\/v1\/categories\/83","collection":"https:\/\/nijar.org\/nl\/wp-json\/tribe\/events\/v1\/categories","up":"https:\/\/nijar.org\/nl\/wp-json\/tribe\/events\/v1\/categories\/55"}},{"name":"N\u00e2m","slug":"nam","term_group":0,"term_taxonomy_id":55,"taxonomy":"tribe_events_cat","description":"","parent":0,"count":23,"filter":"raw","id":55,"urls":{"self":"https:\/\/nijar.org\/nl\/wp-json\/tribe\/events\/v1\/categories\/55","collection":"https:\/\/nijar.org\/nl\/wp-json\/tribe\/events\/v1\/categories"}}],"tags":[{"name":"N\u00e2m","slug":"nam","term_group":0,"term_taxonomy_id":73,"taxonomy":"post_tag","description":"","parent":0,"count":17,"filter":"raw","id":73,"urls":{"self":"https:\/\/nijar.org\/nl\/wp-json\/tribe\/events\/v1\/tags\/73","collection":"https:\/\/nijar.org\/nl\/wp-json\/tribe\/events\/v1\/tags"}}],"venue":{"id":1540,"author":"8","status":"publish","date":"2023-01-01 12:37:17","date_utc":"2023-01-01 11:37:17","modified":"2023-11-27 08:55:45","modified_utc":"2023-11-27 07:55:45","url":"https:\/\/nijar.org\/nl\/locatie\/asharum-nijar","venue":"The Garden of N\u00e2m Living","slug":"asharum-nijar","address":"N\u00edjar Meditation Center","city":"N\u00ecjar","country":"Spain","province":"N\u00ecjar","zip":"04100","website":"https:\/\/nijar.org","stateprovince":"N\u00ecjar","json_ld":{"@type":"Place","name":"The Garden of N\u00e2m Living","description":"","url":"","address":{"@type":"PostalAddress","streetAddress":"N\u00edjar Meditation Center","addressLocality":"N\u00ecjar","addressRegion":"N\u00ecjar","postalCode":"04100","addressCountry":"Spain"},"telephone":"","sameAs":"https:\/\/nijar.org"},"show_map":false,"show_map_link":true,"global_id":"nijar.org\/nl?id=1540","global_id_lineage":["nijar.org\/nl?id=1540"]},"organizer":[{"id":1577,"author":"8","status":"publish","date":"2023-01-01 16:00:15","date_utc":"2023-01-01 15:00:15","modified":"2023-01-01 16:00:15","modified_utc":"2023-01-01 15:00:15","url":"https:\/\/nijar.org\/nl\/organisator\/stichting-nam","organizer":"N\u00e2m Foundation","slug":"nam-foundation","website":"https:\/\/livingnam.org","email":"contact@livingnam.org","json_ld":{"@type":"Person","name":"N\u00e2m Foundation","description":"","url":"https:\/\/livingnam.org","telephone":"","email":"c&#111;nt&#97;&#99;t&#64;li&#118;in&#103;&#110;am&#46;org","sameAs":"https:\/\/livingnam.org"},"global_id":"nijar.org\/nl?id=1577","global_id_lineage":["nijar.org\/nl?id=1577"]}],"custom_fields":[],"json_ld":{"@context":"http:\/\/schema.org","@type":"Event","name":"N\u00e2m Meditation Retreat May 2025","description":"&lt;p&gt;An intensive retreat opens to Awareness and to deeper and wider resonance of living.&lt;\/p&gt;\\n","image":"https:\/\/nijar.org\/wp-content\/uploads\/2023\/06\/WhatsApp-Image-2022-10-04-at-15.15.51.jpeg","url":"https:\/\/nijar.org\/nl\/evenement\/nam-meditatie-retraite-mei-2025\/","eventAttendanceMode":"https:\/\/schema.org\/OfflineEventAttendanceMode","eventStatus":"https:\/\/schema.org\/EventScheduled","startDate":"2025-05-12T15:00:00+02:00","endDate":"2025-05-16T08:00:00+02:00","location":{"@type":"Place","name":"The Garden of N\u00e2m Living","description":"","url":"","address":{"@type":"PostalAddress","streetAddress":"N\u00edjar Meditation Center","addressLocality":"N\u00ecjar","addressRegion":"N\u00ecjar","postalCode":"04100","addressCountry":"Spain"},"telephone":"","sameAs":"https:\/\/nijar.org"},"organizer":{"@type":"Person","name":"N\u00e2m Foundation","description":"","url":"https:\/\/livingnam.org","telephone":"","email":"contac&#116;&#64;li&#118;i&#110;g&#110;&#97;&#109;.or&#103;","sameAs":"https:\/\/livingnam.org"},"offers":{"@type":"Offer","price":"390","priceCurrency":"EUR","url":"https:\/\/nijar.org\/nl\/evenement\/nam-meditatie-retraite-mei-2025\/","category":"primary","availability":"inStock","validFrom":"1970-01-01T00:00:00+00:00"},"performer":"Organization"}}