{"id":3006,"global_id":"nijar.org\/nl?id=3006","global_id_lineage":["nijar.org\/nl?id=3006"],"author":"8","status":"publish","date":"2023-11-01 16:23:02","date_utc":"2023-11-01 15:23:02","modified":"2024-12-05 18:54:51","modified_utc":"2024-12-05 17:54:51","url":"https:\/\/nijar.org\/nl\/evenement\/nam-stilte-retraite-met-yoginam-februari-2025","rest_url":"https:\/\/nijar.org\/nl\/wp-json\/tribe\/events\/v1\/events\/3006","title":"N\u00e2m Silence Retreat with Yogin\u00e2m February 2025","description":"<p>Five days of complete silence with a daily programme of regular meditations supported by Yogin\u00e2m\u2019s HarpMood.<\/p>","excerpt":"","slug":"nam-silence-retreat-with-yoginam-february-2025","image":{"url":"https:\/\/nijar.org\/wp-content\/uploads\/2023\/01\/00069.00_06_36_08.Still012-comp.jpg","id":1529,"extension":"jpg","width":1920,"height":1080,"filesize":94680,"sizes":{"medium":{"width":300,"height":169,"mime-type":"image\/jpeg","filesize":10531,"url":"https:\/\/nijar.org\/wp-content\/uploads\/2023\/01\/00069.00_06_36_08.Still012-comp-300x169.jpg"},"large":{"width":1024,"height":576,"mime-type":"image\/jpeg","filesize":60520,"url":"https:\/\/nijar.org\/wp-content\/uploads\/2023\/01\/00069.00_06_36_08.Still012-comp-1024x576.jpg"},"thumbnail":{"width":150,"height":150,"mime-type":"image\/jpeg","filesize":6138,"url":"https:\/\/nijar.org\/wp-content\/uploads\/2023\/01\/00069.00_06_36_08.Still012-comp-150x150.jpg"},"medium_large":{"width":768,"height":432,"mime-type":"image\/jpeg","filesize":39607,"url":"https:\/\/nijar.org\/wp-content\/uploads\/2023\/01\/00069.00_06_36_08.Still012-comp-768x432.jpg"},"1536x1536":{"width":1536,"height":864,"mime-type":"image\/jpeg","filesize":108392,"url":"https:\/\/nijar.org\/wp-content\/uploads\/2023\/01\/00069.00_06_36_08.Still012-comp-1536x864.jpg"},"woocommerce_thumbnail":{"width":300,"height":300,"mime-type":"image\/jpeg","filesize":15915,"uncropped":false,"url":"https:\/\/nijar.org\/wp-content\/uploads\/2023\/01\/00069.00_06_36_08.Still012-comp-300x300.jpg"},"woocommerce_single":{"width":600,"height":338,"mime-type":"image\/jpeg","filesize":28424,"url":"https:\/\/nijar.org\/wp-content\/uploads\/2023\/01\/00069.00_06_36_08.Still012-comp-600x338.jpg"},"woocommerce_gallery_thumbnail":{"width":100,"height":100,"mime-type":"image\/jpeg","filesize":3691,"url":"https:\/\/nijar.org\/wp-content\/uploads\/2023\/01\/00069.00_06_36_08.Still012-comp-100x100.jpg"}}},"all_day":false,"start_date":"2025-02-23 15:00:00","start_date_details":{"year":"2025","month":"02","day":"23","hour":"15","minutes":"00","seconds":"00"},"end_date":"2025-03-01 08:00:00","end_date_details":{"year":"2025","month":"03","day":"01","hour":"08","minutes":"00","seconds":"00"},"utc_start_date":"2025-02-23 14:00:00","utc_start_date_details":{"year":"2025","month":"02","day":"23","hour":"14","minutes":"00","seconds":"00"},"utc_end_date":"2025-03-01 07:00:00","utc_end_date_details":{"year":"2025","month":"03","day":"01","hour":"07","minutes":"00","seconds":"00"},"timezone":"Europe\/Rome","timezone_abbr":"CET","cost":"\u20ac695","cost_details":{"currency_symbol":"\u20ac","currency_code":"EUR","currency_position":"prefix","values":["695"]},"website":"https:\/\/booking.nijar.org\/en\/product\/nam-retreat-of-silence\/?start=2025-02-23&amp;duration=6","show_map":true,"show_map_link":true,"hide_from_listings":false,"sticky":false,"featured":false,"categories":[{"name":"N\u00e2m","slug":"nam","term_group":0,"term_taxonomy_id":55,"taxonomy":"tribe_events_cat","description":"","parent":0,"count":23,"filter":"raw","id":55,"urls":{"self":"https:\/\/nijar.org\/nl\/wp-json\/tribe\/events\/v1\/categories\/55","collection":"https:\/\/nijar.org\/nl\/wp-json\/tribe\/events\/v1\/categories"}},{"name":"N\u00e2m Silence Retreat","slug":"nam-silence-retreat","term_group":0,"term_taxonomy_id":82,"taxonomy":"tribe_events_cat","description":"","parent":55,"count":12,"filter":"raw","id":82,"urls":{"self":"https:\/\/nijar.org\/nl\/wp-json\/tribe\/events\/v1\/categories\/82","collection":"https:\/\/nijar.org\/nl\/wp-json\/tribe\/events\/v1\/categories","up":"https:\/\/nijar.org\/nl\/wp-json\/tribe\/events\/v1\/categories\/55"}}],"tags":[{"name":"N\u00e2m","slug":"nam","term_group":0,"term_taxonomy_id":73,"taxonomy":"post_tag","description":"","parent":0,"count":17,"filter":"raw","id":73,"urls":{"self":"https:\/\/nijar.org\/nl\/wp-json\/tribe\/events\/v1\/tags\/73","collection":"https:\/\/nijar.org\/nl\/wp-json\/tribe\/events\/v1\/tags"}},{"name":"Silence","slug":"silence","term_group":0,"term_taxonomy_id":88,"taxonomy":"post_tag","description":"","parent":0,"count":17,"filter":"raw","id":88,"urls":{"self":"https:\/\/nijar.org\/nl\/wp-json\/tribe\/events\/v1\/tags\/88","collection":"https:\/\/nijar.org\/nl\/wp-json\/tribe\/events\/v1\/tags"}}],"venue":{"id":1540,"author":"8","status":"publish","date":"2023-01-01 12:37:17","date_utc":"2023-01-01 11:37:17","modified":"2023-11-27 08:55:45","modified_utc":"2023-11-27 07:55:45","url":"https:\/\/nijar.org\/nl\/locatie\/asharum-nijar","venue":"The Garden of N\u00e2m Living","slug":"asharum-nijar","address":"N\u00edjar Meditation Center","city":"N\u00ecjar","country":"Spain","province":"N\u00ecjar","zip":"04100","website":"https:\/\/nijar.org","stateprovince":"N\u00ecjar","json_ld":{"@type":"Place","name":"The Garden of N\u00e2m Living","description":"","url":"","address":{"@type":"PostalAddress","streetAddress":"N\u00edjar Meditation Center","addressLocality":"N\u00ecjar","addressRegion":"N\u00ecjar","postalCode":"04100","addressCountry":"Spain"},"telephone":"","sameAs":"https:\/\/nijar.org"},"show_map":false,"show_map_link":true,"global_id":"nijar.org\/nl?id=1540","global_id_lineage":["nijar.org\/nl?id=1540"]},"organizer":[{"id":1577,"author":"8","status":"publish","date":"2023-01-01 16:00:15","date_utc":"2023-01-01 15:00:15","modified":"2023-01-01 16:00:15","modified_utc":"2023-01-01 15:00:15","url":"https:\/\/nijar.org\/nl\/organisator\/stichting-nam","organizer":"N\u00e2m Foundation","slug":"nam-foundation","website":"https:\/\/livingnam.org","email":"contact@livingnam.org","json_ld":{"@type":"Person","name":"N\u00e2m Foundation","description":"","url":"https:\/\/livingnam.org","telephone":"","email":"con&#116;&#97;c&#116;&#64;l&#105;&#118;&#105;ng&#110;&#97;m.&#111;r&#103;","sameAs":"https:\/\/livingnam.org"},"global_id":"nijar.org\/nl?id=1577","global_id_lineage":["nijar.org\/nl?id=1577"]}],"custom_fields":[],"json_ld":{"@context":"http:\/\/schema.org","@type":"Event","name":"N\u00e2m Silence Retreat with Yogin\u00e2m February 2025","description":"&lt;p&gt;Five days of complete silence with a daily programme of regular meditations supported by Yogin\u00e2m\u2019s HarpMood.&lt;\/p&gt;\\n","image":"https:\/\/nijar.org\/wp-content\/uploads\/2023\/01\/00069.00_06_36_08.Still012-comp.jpg","url":"https:\/\/nijar.org\/nl\/evenement\/nam-stilte-retraite-met-yoginam-februari-2025\/","eventAttendanceMode":"https:\/\/schema.org\/OfflineEventAttendanceMode","eventStatus":"https:\/\/schema.org\/EventScheduled","startDate":"2025-02-23T15:00:00+01:00","endDate":"2025-03-01T08:00:00+01:00","location":{"@type":"Place","name":"The Garden of N\u00e2m Living","description":"","url":"","address":{"@type":"PostalAddress","streetAddress":"N\u00edjar Meditation Center","addressLocality":"N\u00ecjar","addressRegion":"N\u00ecjar","postalCode":"04100","addressCountry":"Spain"},"telephone":"","sameAs":"https:\/\/nijar.org"},"organizer":{"@type":"Person","name":"N\u00e2m Foundation","description":"","url":"https:\/\/livingnam.org","telephone":"","email":"c&#111;nt&#97;&#99;t&#64;&#108;ivin&#103;&#110;&#97;&#109;.o&#114;&#103;","sameAs":"https:\/\/livingnam.org"},"offers":{"@type":"Offer","price":"695","priceCurrency":"EUR","url":"https:\/\/nijar.org\/nl\/evenement\/nam-stilte-retraite-met-yoginam-februari-2025\/","category":"primary","availability":"inStock","validFrom":"2023-11-01T00:00:00+00:00"},"performer":"Organization"}}