{"id":847,"date":"2022-03-02T21:46:06","date_gmt":"2022-03-02T20:46:06","guid":{"rendered":"https:\/\/nijar.org\/?p=847"},"modified":"2022-12-24T09:58:42","modified_gmt":"2022-12-24T08:58:42","slug":"rivista-marzo-2022","status":"publish","type":"post","link":"https:\/\/nijar.org\/it\/rivista-marzo-2022","title":{"rendered":"Giornale marzo 2022"},"content":{"rendered":"<p><strong>La triade dell'essere<\/strong><\/p>\n\n\n\n<p>L'ultima volta vi abbiamo parlato della Triade dell'Essere, progettata e regalata all'Asharum da Yogin\u00e2m in occasione del suo 75\u00b0 compleanno, come simbolo di N\u00e2m. La Triade dell'Essere ha un posto speciale e una rilevanza nel giardino sia per noi che per i visitatori dell'Asharum, in quanto \u00e8 un punto focale della passeggiata di meditazione. Inoltre, avere la Triade dell'Essere come orientamento continuo mentre si svolgono i lavori quotidiani in giardino serve a ricordare costantemente la vera ragione per cui viviamo qui. <\/p>\n\n\n\n<p>La Triade dell'Essere simboleggia la natura umana rappresentando una realizzazione profonda nella forma pi\u00f9 semplice. Pertanto, l'esperienza di salire e scendere dalla Triade dell'Essere genera un impulso molto particolare, difficile da spiegare. <\/p>\n\n\n\n<p>Yogin\u00e2m ha scritto un testo appositamente dedicato alla Triade dell'Essere. Se siete interessati al significato pi\u00f9 profondo della Triade dell'Essere, potete scaricare questo testo <a href=\"https:\/\/livingnam.org\/wp-content\/uploads\/2022\/03\/20220301-The-Triad-of-Being.pdf\" target=\"_blank\" rel=\"noreferrer noopener\">qui<\/a>.<\/p>\n\n\n\n<div style=\"height:50px\" aria-hidden=\"true\" class=\"wp-block-spacer\"><\/div>\n\n\n\n<figure class=\"wp-block-gallery has-nested-images columns-default is-cropped wp-block-gallery-1 is-layout-flex wp-block-gallery-is-layout-flex\">\n<figure class=\"wp-block-image size-large\"><a href=\"https:\/\/nijar.org\/wp-content\/uploads\/2022\/03\/1.jpg\"><img fetchpriority=\"high\" decoding=\"async\" width=\"829\" height=\"1024\" data-id=\"848\" src=\"https:\/\/nijar.org\/wp-content\/uploads\/2022\/03\/1-829x1024.jpg\" alt=\"\" class=\"wp-image-848\" srcset=\"https:\/\/nijar.org\/wp-content\/uploads\/2022\/03\/1-829x1024.jpg 829w, https:\/\/nijar.org\/wp-content\/uploads\/2022\/03\/1-600x741.jpg 600w, https:\/\/nijar.org\/wp-content\/uploads\/2022\/03\/1-243x300.jpg 243w, https:\/\/nijar.org\/wp-content\/uploads\/2022\/03\/1-768x948.jpg 768w, https:\/\/nijar.org\/wp-content\/uploads\/2022\/03\/1.jpg 1000w\" sizes=\"(max-width: 829px) 100vw, 829px\" \/><\/a><\/figure>\n\n\n\n<figure class=\"wp-block-image size-large\"><a href=\"https:\/\/nijar.org\/wp-content\/uploads\/2022\/03\/3.jpg\"><img decoding=\"async\" width=\"683\" height=\"1024\" data-id=\"850\" src=\"https:\/\/nijar.org\/wp-content\/uploads\/2022\/03\/3-683x1024.jpg\" alt=\"\" class=\"wp-image-850\" srcset=\"https:\/\/nijar.org\/wp-content\/uploads\/2022\/03\/3-683x1024.jpg 683w, https:\/\/nijar.org\/wp-content\/uploads\/2022\/03\/3-600x900.jpg 600w, https:\/\/nijar.org\/wp-content\/uploads\/2022\/03\/3-200x300.jpg 200w, https:\/\/nijar.org\/wp-content\/uploads\/2022\/03\/3-768x1152.jpg 768w, https:\/\/nijar.org\/wp-content\/uploads\/2022\/03\/3.jpg 1000w\" sizes=\"(max-width: 683px) 100vw, 683px\" \/><\/a><\/figure>\n<\/figure>\n\n\n\n<div style=\"height:50px\" aria-hidden=\"true\" class=\"wp-block-spacer\"><\/div>\n\n\n\n<p><strong>Febbraio: un mese caldo<\/strong><\/p>\n\n\n\n<p>Abbiamo avuto un mese molto caldo, con temperature che normalmente si registrano a maggio, quindi \u00e8 stato un momento piacevole per stare all'aperto e lavorare in giardino. Durante quest'ultimo mese abbiamo ricevuto la visita di Claudia e Igor, che sono stati molto attivi nell'aiutare in cucina e in giardino. Claudia ha fatto la marmellata e ha messo in salamoia alcune delle nostre olive, mentre Igor ha spostato molte pietre e aiutato Edwin con i muri. Abbiamo avuto anche alcuni visitatori giornalieri: Alexander e Sana sono venuti a trovarci, Rene e Yvette sono venuti a trovarci e abbiamo incontrato alcuni nuovi amici vicini, Jack e Helma. Questi ultimi sono stati molto generosi nell'offrirci il loro letame di cavallo per migliorare il nostro terreno, e ora abbiamo un grande mucchio di vecchio letame di cavallo che possiamo mescolare con la paglia e usare come pacciamatura nel nostro giardino. Andr\u00e9e si sta riprendendo bene, un braccio \u00e8 gi\u00e0 libero dal gesso e ora \u00e8 pi\u00f9 in grado di fare le cose da sola. Nel frattempo, ha usato il tempo di recupero per migliorare il suo spagnolo.<\/p>\n\n\n\n<div style=\"height:50px\" aria-hidden=\"true\" class=\"wp-block-spacer\"><\/div>\n\n\n\n<figure class=\"wp-block-gallery has-nested-images columns-default is-cropped wp-block-gallery-2 is-layout-flex wp-block-gallery-is-layout-flex\">\n<figure class=\"wp-block-image size-large\"><a href=\"https:\/\/nijar.org\/wp-content\/uploads\/2022\/03\/IMG_2153.jpg\"><img decoding=\"async\" width=\"1024\" height=\"768\" data-id=\"855\" src=\"https:\/\/nijar.org\/wp-content\/uploads\/2022\/03\/IMG_2153-1024x768.jpg\" alt=\"\" class=\"wp-image-855\" srcset=\"https:\/\/nijar.org\/wp-content\/uploads\/2022\/03\/IMG_2153-1024x768.jpg 1024w, https:\/\/nijar.org\/wp-content\/uploads\/2022\/03\/IMG_2153-600x450.jpg 600w, https:\/\/nijar.org\/wp-content\/uploads\/2022\/03\/IMG_2153-300x225.jpg 300w, https:\/\/nijar.org\/wp-content\/uploads\/2022\/03\/IMG_2153-768x576.jpg 768w, https:\/\/nijar.org\/wp-content\/uploads\/2022\/03\/IMG_2153.jpg 1335w\" sizes=\"(max-width: 1024px) 100vw, 1024px\" \/><\/a><\/figure>\n<\/figure>\n\n\n\n<div style=\"height:50px\" aria-hidden=\"true\" class=\"wp-block-spacer\"><\/div>\n\n\n\n<p><strong>Il giardino dell'Asharum Nijar: Ritorno alle radici<\/strong><\/p>\n\n\n\n<p>Ci sono state alcune nuove aggiunte al giardino, tra cui alcuni alberi locali come il melograno, i mandorli, il lentisco e alcuni cespugli come il mirto, l'olivello spinoso e una specie di ginestra (un cytisus maderensis). Abbiamo anche iniziato a coltivare un campo di fragole, che ci offriranno un gustoso spuntino estivo. Con queste nuove aggiunte, il giardino si sta riempiendo sempre di pi\u00f9. Il primo tentativo di quest'anno di seminare sovesci (come trifogli, borragine e lupino) non ha ancora portato alla nascita di nuove piante. Il periodo \u00e8 stato molto secco (non \u00e8 caduta quasi nessuna pioggia) e il terreno diventa molto duro, quindi i semi fanno fatica a germogliare in queste condizioni. In alcuni punti, dove abbiamo arricchito il terreno con altro terriccio, stanno spuntando. Nelle prossime settimane cercheremo di seminare pi\u00f9 tipi diversi e con qualche cura in pi\u00f9, e magari qualche pioggia, speriamo di avere pi\u00f9 successo. <\/p>\n\n\n\n<p>\u00c8 stata creata una serra, o vivaio invernale, per poter coltivare le piantine quando il clima esterno \u00e8 ancora un po' rigido. Martin ha fatto la maggior parte del lavoro per costruirla e, una volta terminata, ci siamo subito resi conto che aveva bisogno di un po' di ventilazione perch\u00e9 si riscaldava molto velocemente sotto il sole del Mediterraneo. Lo scorso fine settimana, Martin ha realizzato due bellissime finestre scorrevoli all'estremit\u00e0 posteriore della serra. Questa settimana scopriremo come controllare la temperatura interna e potremo iniziare a far germogliare alcune colture estive come anguria, pomodoro, zucca e mais.<\/p>\n\n\n\n<div style=\"height:50px\" aria-hidden=\"true\" class=\"wp-block-spacer\"><\/div>\n\n\n\n<figure class=\"wp-block-gallery has-nested-images columns-default is-cropped wp-block-gallery-3 is-layout-flex wp-block-gallery-is-layout-flex\">\n<figure class=\"wp-block-image size-large\"><a href=\"https:\/\/nijar.org\/wp-content\/uploads\/2022\/03\/IMG_1010.jpg\"><img loading=\"lazy\" decoding=\"async\" width=\"769\" height=\"1024\" data-id=\"854\" src=\"https:\/\/nijar.org\/wp-content\/uploads\/2022\/03\/IMG_1010-769x1024.jpg\" alt=\"\" class=\"wp-image-854\" srcset=\"https:\/\/nijar.org\/wp-content\/uploads\/2022\/03\/IMG_1010-769x1024.jpg 769w, https:\/\/nijar.org\/wp-content\/uploads\/2022\/03\/IMG_1010-600x799.jpg 600w, https:\/\/nijar.org\/wp-content\/uploads\/2022\/03\/IMG_1010-225x300.jpg 225w, https:\/\/nijar.org\/wp-content\/uploads\/2022\/03\/IMG_1010-768x1022.jpg 768w, https:\/\/nijar.org\/wp-content\/uploads\/2022\/03\/IMG_1010.jpg 1127w\" sizes=\"(max-width: 769px) 100vw, 769px\" \/><\/a><\/figure>\n\n\n\n<figure class=\"wp-block-image size-large\"><a href=\"https:\/\/nijar.org\/wp-content\/uploads\/2022\/03\/IMG_6918.jpg\"><img loading=\"lazy\" decoding=\"async\" width=\"1024\" height=\"768\" data-id=\"857\" src=\"https:\/\/nijar.org\/wp-content\/uploads\/2022\/03\/IMG_6918-1024x768.jpg\" alt=\"\" class=\"wp-image-857\" srcset=\"https:\/\/nijar.org\/wp-content\/uploads\/2022\/03\/IMG_6918-1024x768.jpg 1024w, https:\/\/nijar.org\/wp-content\/uploads\/2022\/03\/IMG_6918-600x450.jpg 600w, https:\/\/nijar.org\/wp-content\/uploads\/2022\/03\/IMG_6918-300x225.jpg 300w, https:\/\/nijar.org\/wp-content\/uploads\/2022\/03\/IMG_6918-768x576.jpg 768w, https:\/\/nijar.org\/wp-content\/uploads\/2022\/03\/IMG_6918.jpg 1334w\" sizes=\"(max-width: 1024px) 100vw, 1024px\" \/><\/a><\/figure>\n<\/figure>\n\n\n\n<figure class=\"wp-block-image size-large\"><a href=\"https:\/\/nijar.org\/wp-content\/uploads\/2022\/03\/IMG_4403.jpg\"><img loading=\"lazy\" decoding=\"async\" width=\"1024\" height=\"768\" src=\"https:\/\/nijar.org\/wp-content\/uploads\/2022\/03\/IMG_4403-1024x768.jpg\" alt=\"\" class=\"wp-image-856\" srcset=\"https:\/\/nijar.org\/wp-content\/uploads\/2022\/03\/IMG_4403-1024x768.jpg 1024w, https:\/\/nijar.org\/wp-content\/uploads\/2022\/03\/IMG_4403-600x450.jpg 600w, https:\/\/nijar.org\/wp-content\/uploads\/2022\/03\/IMG_4403-300x225.jpg 300w, https:\/\/nijar.org\/wp-content\/uploads\/2022\/03\/IMG_4403-768x576.jpg 768w, https:\/\/nijar.org\/wp-content\/uploads\/2022\/03\/IMG_4403.jpg 1334w\" sizes=\"(max-width: 1024px) 100vw, 1024px\" \/><\/a><\/figure>\n\n\n\n<div style=\"height:50px\" aria-hidden=\"true\" class=\"wp-block-spacer\"><\/div>\n\n\n\n<p><strong>Costruire e migliorare<\/strong><\/p>\n\n\n\n<p>Accanto alla cucina si sta costruendo una nuova terrazza. \u00c8 stato eretto un nuovo muro alla fine della terrazza esistente e dietro di esso, questa nuova terrazza sar\u00e0 in pieno sole e protetta dalla direzione del vento principale. \u00c8 anche un luogo dove possiamo sederci senza essere visti dalla strada pubblica, quindi offre un po' pi\u00f9 di privacy ed \u00e8 un posto perfetto per asciugare il bucato. Finora i portabiancheria si spostavano da una parte all'altra del locale e con le improvvise raffiche di vento \u00e8 capitato pi\u00f9 di una volta che cadessero, a volte sporcando il bucato appena lavato prima che potessimo utilizzarlo. Pu\u00f2 sembrare banale, ma poter nascondere il bucato dalla vista principale della strada migliora l'aspetto generale del nostro Asharum.<\/p>\n\n\n\n<div style=\"height:50px\" aria-hidden=\"true\" class=\"wp-block-spacer\"><\/div>\n\n\n\n<figure class=\"wp-block-gallery has-nested-images columns-default is-cropped wp-block-gallery-4 is-layout-flex wp-block-gallery-is-layout-flex\">\n<figure class=\"wp-block-image size-full\"><a href=\"https:\/\/nijar.org\/wp-content\/uploads\/2022\/03\/IMG_6947.jpg\"><img loading=\"lazy\" decoding=\"async\" width=\"1000\" height=\"750\" data-id=\"859\" src=\"https:\/\/nijar.org\/wp-content\/uploads\/2022\/03\/IMG_6947.jpg\" alt=\"\" class=\"wp-image-859\" srcset=\"https:\/\/nijar.org\/wp-content\/uploads\/2022\/03\/IMG_6947.jpg 1000w, https:\/\/nijar.org\/wp-content\/uploads\/2022\/03\/IMG_6947-600x450.jpg 600w, https:\/\/nijar.org\/wp-content\/uploads\/2022\/03\/IMG_6947-300x225.jpg 300w, https:\/\/nijar.org\/wp-content\/uploads\/2022\/03\/IMG_6947-768x576.jpg 768w\" sizes=\"(max-width: 1000px) 100vw, 1000px\" \/><\/a><\/figure>\n\n\n\n<figure class=\"wp-block-image size-large\"><a href=\"https:\/\/nijar.org\/wp-content\/uploads\/2022\/03\/garden-wall.jpg\"><img loading=\"lazy\" decoding=\"async\" width=\"1024\" height=\"591\" data-id=\"853\" src=\"https:\/\/nijar.org\/wp-content\/uploads\/2022\/03\/garden-wall-1024x591.jpg\" alt=\"\" class=\"wp-image-853\" srcset=\"https:\/\/nijar.org\/wp-content\/uploads\/2022\/03\/garden-wall-1024x591.jpg 1024w, https:\/\/nijar.org\/wp-content\/uploads\/2022\/03\/garden-wall-600x346.jpg 600w, https:\/\/nijar.org\/wp-content\/uploads\/2022\/03\/garden-wall-300x173.jpg 300w, https:\/\/nijar.org\/wp-content\/uploads\/2022\/03\/garden-wall-768x443.jpg 768w, https:\/\/nijar.org\/wp-content\/uploads\/2022\/03\/garden-wall.jpg 1253w\" sizes=\"(max-width: 1024px) 100vw, 1024px\" \/><\/a><\/figure>\n<\/figure>\n\n\n\n<figure class=\"wp-block-image size-large\"><a href=\"https:\/\/nijar.org\/wp-content\/uploads\/2022\/03\/IMG_6929.jpg\"><img loading=\"lazy\" decoding=\"async\" width=\"1024\" height=\"768\" src=\"https:\/\/nijar.org\/wp-content\/uploads\/2022\/03\/IMG_6929-1024x768.jpg\" alt=\"\" class=\"wp-image-858\" srcset=\"https:\/\/nijar.org\/wp-content\/uploads\/2022\/03\/IMG_6929-1024x768.jpg 1024w, https:\/\/nijar.org\/wp-content\/uploads\/2022\/03\/IMG_6929-600x450.jpg 600w, https:\/\/nijar.org\/wp-content\/uploads\/2022\/03\/IMG_6929-300x225.jpg 300w, https:\/\/nijar.org\/wp-content\/uploads\/2022\/03\/IMG_6929-768x576.jpg 768w, https:\/\/nijar.org\/wp-content\/uploads\/2022\/03\/IMG_6929.jpg 1334w\" sizes=\"(max-width: 1024px) 100vw, 1024px\" \/><\/a><\/figure>","protected":false},"excerpt":{"rendered":"<p>La volta scorsa vi abbiamo parlato della Triade dell'Essere, progettata e regalata all'Asharum da Yogin\u00e2m in occasione del suo 75\u00b0 compleanno, come simbolo di N\u00e2m. La Triade dell'Essere ha un posto speciale e una rilevanza nel giardino sia per noi che per i visitatori...<\/p>","protected":false},"author":8,"featured_media":848,"comment_status":"open","ping_status":"open","sticky":false,"template":"","format":"standard","meta":{"_kad_post_transparent":"","_kad_post_title":"","_kad_post_layout":"","_kad_post_sidebar_id":"","_kad_post_content_style":"","_kad_post_vertical_padding":"","_kad_post_feature":"","_kad_post_feature_position":"","_kad_post_header":false,"_kad_post_footer":false,"_kad_post_classname":"","footnotes":""},"categories":[1],"tags":[],"class_list":["post-847","post","type-post","status-publish","format-standard","has-post-thumbnail","hentry","category-the-monthly-journal"],"aioseo_notices":[],"_links":{"self":[{"href":"https:\/\/nijar.org\/it\/wp-json\/wp\/v2\/posts\/847","targetHints":{"allow":["GET"]}}],"collection":[{"href":"https:\/\/nijar.org\/it\/wp-json\/wp\/v2\/posts"}],"about":[{"href":"https:\/\/nijar.org\/it\/wp-json\/wp\/v2\/types\/post"}],"author":[{"embeddable":true,"href":"https:\/\/nijar.org\/it\/wp-json\/wp\/v2\/users\/8"}],"replies":[{"embeddable":true,"href":"https:\/\/nijar.org\/it\/wp-json\/wp\/v2\/comments?post=847"}],"version-history":[{"count":0,"href":"https:\/\/nijar.org\/it\/wp-json\/wp\/v2\/posts\/847\/revisions"}],"wp:featuredmedia":[{"embeddable":true,"href":"https:\/\/nijar.org\/it\/wp-json\/wp\/v2\/media\/848"}],"wp:attachment":[{"href":"https:\/\/nijar.org\/it\/wp-json\/wp\/v2\/media?parent=847"}],"wp:term":[{"taxonomy":"category","embeddable":true,"href":"https:\/\/nijar.org\/it\/wp-json\/wp\/v2\/categories?post=847"},{"taxonomy":"post_tag","embeddable":true,"href":"https:\/\/nijar.org\/it\/wp-json\/wp\/v2\/tags?post=847"}],"curies":[{"name":"wp","href":"https:\/\/api.w.org\/{rel}","templated":true}]}}