{"id":946,"date":"2022-05-18T15:38:46","date_gmt":"2022-05-18T14:38:46","guid":{"rendered":"https:\/\/nijar.org\/?p=946"},"modified":"2022-12-24T09:59:11","modified_gmt":"2022-12-24T08:59:11","slug":"diario-mayo-2022","status":"publish","type":"post","link":"https:\/\/nijar.org\/es\/diario-mayo-2022","title":{"rendered":"Diario Mayo 2022"},"content":{"rendered":"<p>Este mes presentamos todas las novedades de Asharum N\u00edjar y del jard\u00edn a trav\u00e9s de fotos. El mes pasado llovi\u00f3 mucho, lo que hace que el jard\u00edn est\u00e9 excepcionalmente verde. Plantas que nunca hab\u00edamos visto antes crecen desmesuradamente. Los pistacheros parecen estar dando un impulso de crecimiento. Estamos muy agradecidos por la lluvia ya que ha hecho que la tierra sea f\u00e9rtil, ahora nos toca a nosotros ayudar a que una tierra rica sobreviva a un verano espa\u00f1ol caluroso y seco...<\/p>\n\n\n\n<div style=\"height:50px\" aria-hidden=\"true\" class=\"wp-block-spacer\"><\/div>\n\n\n\n<figure class=\"wp-block-image size-large\"><a href=\"https:\/\/nijar.org\/wp-content\/uploads\/2022\/05\/01-Bamboo-construction-for-climbing-crops-and-patatoes.jpg\"><img fetchpriority=\"high\" decoding=\"async\" width=\"1024\" height=\"576\" src=\"https:\/\/nijar.org\/wp-content\/uploads\/2022\/05\/01-Bamboo-construction-for-climbing-crops-and-patatoes-1024x576.jpg\" alt=\"\" class=\"wp-image-962\" srcset=\"https:\/\/nijar.org\/wp-content\/uploads\/2022\/05\/01-Bamboo-construction-for-climbing-crops-and-patatoes-1024x576.jpg 1024w, https:\/\/nijar.org\/wp-content\/uploads\/2022\/05\/01-Bamboo-construction-for-climbing-crops-and-patatoes-600x338.jpg 600w, https:\/\/nijar.org\/wp-content\/uploads\/2022\/05\/01-Bamboo-construction-for-climbing-crops-and-patatoes-300x169.jpg 300w, https:\/\/nijar.org\/wp-content\/uploads\/2022\/05\/01-Bamboo-construction-for-climbing-crops-and-patatoes-768x432.jpg 768w, https:\/\/nijar.org\/wp-content\/uploads\/2022\/05\/01-Bamboo-construction-for-climbing-crops-and-patatoes.jpg 1500w\" sizes=\"(max-width: 1024px) 100vw, 1024px\" \/><\/a><figcaption>Construcci\u00f3n de bamb\u00fa para cultivos trepadores y patatas<\/figcaption><\/figure>\n\n\n\n<div style=\"height:15px\" aria-hidden=\"true\" class=\"wp-block-spacer\"><\/div>\n\n\n\n<figure class=\"wp-block-gallery has-nested-images columns-default is-cropped wp-block-gallery-1 is-layout-flex wp-block-gallery-is-layout-flex\">\n<figure class=\"wp-block-image size-large\"><a href=\"https:\/\/nijar.org\/wp-content\/uploads\/2022\/05\/02-Cacti-and-aloe-vera.jpg\"><img decoding=\"async\" width=\"1024\" height=\"576\" data-id=\"963\" src=\"https:\/\/nijar.org\/wp-content\/uploads\/2022\/05\/02-Cacti-and-aloe-vera-1024x576.jpg\" alt=\"\" class=\"wp-image-963\" srcset=\"https:\/\/nijar.org\/wp-content\/uploads\/2022\/05\/02-Cacti-and-aloe-vera-1024x576.jpg 1024w, https:\/\/nijar.org\/wp-content\/uploads\/2022\/05\/02-Cacti-and-aloe-vera-600x338.jpg 600w, https:\/\/nijar.org\/wp-content\/uploads\/2022\/05\/02-Cacti-and-aloe-vera-300x169.jpg 300w, https:\/\/nijar.org\/wp-content\/uploads\/2022\/05\/02-Cacti-and-aloe-vera-768x432.jpg 768w, https:\/\/nijar.org\/wp-content\/uploads\/2022\/05\/02-Cacti-and-aloe-vera.jpg 1469w\" sizes=\"(max-width: 1024px) 100vw, 1024px\" \/><\/a><figcaption>Cactus y aloe vera<\/figcaption><\/figure>\n\n\n\n<figure class=\"wp-block-image size-large\"><a href=\"https:\/\/nijar.org\/wp-content\/uploads\/2022\/05\/03-Freshly-planted.jpg\"><img decoding=\"async\" width=\"1024\" height=\"576\" data-id=\"964\" src=\"https:\/\/nijar.org\/wp-content\/uploads\/2022\/05\/03-Freshly-planted-1024x576.jpg\" alt=\"\" class=\"wp-image-964\" srcset=\"https:\/\/nijar.org\/wp-content\/uploads\/2022\/05\/03-Freshly-planted-1024x576.jpg 1024w, https:\/\/nijar.org\/wp-content\/uploads\/2022\/05\/03-Freshly-planted-600x338.jpg 600w, https:\/\/nijar.org\/wp-content\/uploads\/2022\/05\/03-Freshly-planted-300x169.jpg 300w, https:\/\/nijar.org\/wp-content\/uploads\/2022\/05\/03-Freshly-planted-768x432.jpg 768w, https:\/\/nijar.org\/wp-content\/uploads\/2022\/05\/03-Freshly-planted.jpg 1461w\" sizes=\"(max-width: 1024px) 100vw, 1024px\" \/><\/a><figcaption>Reci\u00e9n plantado<\/figcaption><\/figure>\n<\/figure>\n\n\n\n<figure class=\"wp-block-gallery has-nested-images columns-default is-cropped wp-block-gallery-2 is-layout-flex wp-block-gallery-is-layout-flex\">\n<figure class=\"wp-block-image size-large\"><a href=\"https:\/\/nijar.org\/wp-content\/uploads\/2022\/05\/04-Maria-on-the-move-to-the-plants.jpg\"><img loading=\"lazy\" decoding=\"async\" width=\"1024\" height=\"576\" data-id=\"965\" src=\"https:\/\/nijar.org\/wp-content\/uploads\/2022\/05\/04-Maria-on-the-move-to-the-plants-1024x576.jpg\" alt=\"\" class=\"wp-image-965\" srcset=\"https:\/\/nijar.org\/wp-content\/uploads\/2022\/05\/04-Maria-on-the-move-to-the-plants-1024x576.jpg 1024w, https:\/\/nijar.org\/wp-content\/uploads\/2022\/05\/04-Maria-on-the-move-to-the-plants-600x338.jpg 600w, https:\/\/nijar.org\/wp-content\/uploads\/2022\/05\/04-Maria-on-the-move-to-the-plants-300x169.jpg 300w, https:\/\/nijar.org\/wp-content\/uploads\/2022\/05\/04-Maria-on-the-move-to-the-plants-768x432.jpg 768w, https:\/\/nijar.org\/wp-content\/uploads\/2022\/05\/04-Maria-on-the-move-to-the-plants.jpg 1500w\" sizes=\"(max-width: 1024px) 100vw, 1024px\" \/><\/a><figcaption>Mar\u00eda en movimiento hacia las plantas<\/figcaption><\/figure>\n\n\n\n<figure class=\"wp-block-image size-large\"><a href=\"https:\/\/nijar.org\/wp-content\/uploads\/2022\/05\/05-Meditative-spot-in-the-garden.jpg\"><img loading=\"lazy\" decoding=\"async\" width=\"1024\" height=\"576\" data-id=\"966\" src=\"https:\/\/nijar.org\/wp-content\/uploads\/2022\/05\/05-Meditative-spot-in-the-garden-1024x576.jpg\" alt=\"\" class=\"wp-image-966\" srcset=\"https:\/\/nijar.org\/wp-content\/uploads\/2022\/05\/05-Meditative-spot-in-the-garden-1024x576.jpg 1024w, https:\/\/nijar.org\/wp-content\/uploads\/2022\/05\/05-Meditative-spot-in-the-garden-600x338.jpg 600w, https:\/\/nijar.org\/wp-content\/uploads\/2022\/05\/05-Meditative-spot-in-the-garden-300x169.jpg 300w, https:\/\/nijar.org\/wp-content\/uploads\/2022\/05\/05-Meditative-spot-in-the-garden-768x432.jpg 768w, https:\/\/nijar.org\/wp-content\/uploads\/2022\/05\/05-Meditative-spot-in-the-garden.jpg 1500w\" sizes=\"(max-width: 1024px) 100vw, 1024px\" \/><\/a><figcaption>Lugar de meditaci\u00f3n en el jard\u00edn<\/figcaption><\/figure>\n<\/figure>\n\n\n\n<div style=\"height:50px\" aria-hidden=\"true\" class=\"wp-block-spacer\"><\/div>\n\n\n\n<figure class=\"wp-block-image size-large\"><a href=\"https:\/\/nijar.org\/wp-content\/uploads\/2022\/05\/07-New-pavilion-and-new-balsa.jpg\"><img loading=\"lazy\" decoding=\"async\" width=\"1024\" height=\"576\" src=\"https:\/\/nijar.org\/wp-content\/uploads\/2022\/05\/07-New-pavilion-and-new-balsa-1024x576.jpg\" alt=\"\" class=\"wp-image-968\" srcset=\"https:\/\/nijar.org\/wp-content\/uploads\/2022\/05\/07-New-pavilion-and-new-balsa-1024x576.jpg 1024w, https:\/\/nijar.org\/wp-content\/uploads\/2022\/05\/07-New-pavilion-and-new-balsa-600x338.jpg 600w, https:\/\/nijar.org\/wp-content\/uploads\/2022\/05\/07-New-pavilion-and-new-balsa-300x169.jpg 300w, https:\/\/nijar.org\/wp-content\/uploads\/2022\/05\/07-New-pavilion-and-new-balsa-768x432.jpg 768w, https:\/\/nijar.org\/wp-content\/uploads\/2022\/05\/07-New-pavilion-and-new-balsa.jpg 1432w\" sizes=\"(max-width: 1024px) 100vw, 1024px\" \/><\/a><figcaption>Nuevo pabell\u00f3n y nueva balsa<\/figcaption><\/figure>\n\n\n\n<figure class=\"wp-block-gallery has-nested-images columns-default is-cropped wp-block-gallery-3 is-layout-flex wp-block-gallery-is-layout-flex\">\n<figure class=\"wp-block-image size-large\"><a href=\"https:\/\/nijar.org\/wp-content\/uploads\/2022\/05\/06-new-balsa-patatoes-and-vegetables.jpg\"><img loading=\"lazy\" decoding=\"async\" width=\"1024\" height=\"576\" data-id=\"967\" src=\"https:\/\/nijar.org\/wp-content\/uploads\/2022\/05\/06-new-balsa-patatoes-and-vegetables-1024x576.jpg\" alt=\"\" class=\"wp-image-967\" srcset=\"https:\/\/nijar.org\/wp-content\/uploads\/2022\/05\/06-new-balsa-patatoes-and-vegetables-1024x576.jpg 1024w, https:\/\/nijar.org\/wp-content\/uploads\/2022\/05\/06-new-balsa-patatoes-and-vegetables-600x337.jpg 600w, https:\/\/nijar.org\/wp-content\/uploads\/2022\/05\/06-new-balsa-patatoes-and-vegetables-300x169.jpg 300w, https:\/\/nijar.org\/wp-content\/uploads\/2022\/05\/06-new-balsa-patatoes-and-vegetables-768x432.jpg 768w, https:\/\/nijar.org\/wp-content\/uploads\/2022\/05\/06-new-balsa-patatoes-and-vegetables.jpg 1446w\" sizes=\"(max-width: 1024px) 100vw, 1024px\" \/><\/a><figcaption>Nueva balsa, patatas y verduras<\/figcaption><\/figure>\n\n\n\n<figure class=\"wp-block-image size-large\"><a href=\"https:\/\/nijar.org\/wp-content\/uploads\/2022\/05\/08-Pavillion-close-up.jpg\"><img loading=\"lazy\" decoding=\"async\" width=\"1024\" height=\"576\" data-id=\"969\" src=\"https:\/\/nijar.org\/wp-content\/uploads\/2022\/05\/08-Pavillion-close-up-1024x576.jpg\" alt=\"\" class=\"wp-image-969\" srcset=\"https:\/\/nijar.org\/wp-content\/uploads\/2022\/05\/08-Pavillion-close-up-1024x576.jpg 1024w, https:\/\/nijar.org\/wp-content\/uploads\/2022\/05\/08-Pavillion-close-up-600x338.jpg 600w, https:\/\/nijar.org\/wp-content\/uploads\/2022\/05\/08-Pavillion-close-up-300x169.jpg 300w, https:\/\/nijar.org\/wp-content\/uploads\/2022\/05\/08-Pavillion-close-up-768x432.jpg 768w, https:\/\/nijar.org\/wp-content\/uploads\/2022\/05\/08-Pavillion-close-up.jpg 1500w\" sizes=\"(max-width: 1024px) 100vw, 1024px\" \/><\/a><figcaption>Primer plano del pabell\u00f3n<\/figcaption><\/figure>\n<\/figure>\n\n\n\n<figure class=\"wp-block-gallery has-nested-images columns-default is-cropped wp-block-gallery-4 is-layout-flex wp-block-gallery-is-layout-flex\">\n<figure class=\"wp-block-image size-large\"><a href=\"https:\/\/nijar.org\/wp-content\/uploads\/2022\/05\/09-Pavillion.jpg\"><img loading=\"lazy\" decoding=\"async\" width=\"1024\" height=\"576\" data-id=\"970\" src=\"https:\/\/nijar.org\/wp-content\/uploads\/2022\/05\/09-Pavillion-1024x576.jpg\" alt=\"\" class=\"wp-image-970\" srcset=\"https:\/\/nijar.org\/wp-content\/uploads\/2022\/05\/09-Pavillion-1024x576.jpg 1024w, https:\/\/nijar.org\/wp-content\/uploads\/2022\/05\/09-Pavillion-600x338.jpg 600w, https:\/\/nijar.org\/wp-content\/uploads\/2022\/05\/09-Pavillion-300x169.jpg 300w, https:\/\/nijar.org\/wp-content\/uploads\/2022\/05\/09-Pavillion-768x432.jpg 768w, https:\/\/nijar.org\/wp-content\/uploads\/2022\/05\/09-Pavillion.jpg 1500w\" sizes=\"(max-width: 1024px) 100vw, 1024px\" \/><\/a><figcaption>Pabell\u00f3n<\/figcaption><\/figure>\n\n\n\n<figure class=\"wp-block-image size-full\"><a href=\"https:\/\/nijar.org\/wp-content\/uploads\/2022\/05\/new-featured-image.jpg\"><img loading=\"lazy\" decoding=\"async\" width=\"842\" height=\"842\" data-id=\"975\" src=\"https:\/\/nijar.org\/wp-content\/uploads\/2022\/05\/new-featured-image.jpg\" alt=\"\" class=\"wp-image-975\" srcset=\"https:\/\/nijar.org\/wp-content\/uploads\/2022\/05\/new-featured-image.jpg 842w, https:\/\/nijar.org\/wp-content\/uploads\/2022\/05\/new-featured-image-300x300.jpg 300w, https:\/\/nijar.org\/wp-content\/uploads\/2022\/05\/new-featured-image-100x100.jpg 100w, https:\/\/nijar.org\/wp-content\/uploads\/2022\/05\/new-featured-image-600x600.jpg 600w, https:\/\/nijar.org\/wp-content\/uploads\/2022\/05\/new-featured-image-150x150.jpg 150w, https:\/\/nijar.org\/wp-content\/uploads\/2022\/05\/new-featured-image-768x768.jpg 768w\" sizes=\"(max-width: 842px) 100vw, 842px\" \/><\/a><figcaption>Riego<\/figcaption><\/figure>\n<\/figure>\n\n\n\n<figure class=\"wp-block-gallery has-nested-images columns-default is-cropped wp-block-gallery-5 is-layout-flex wp-block-gallery-is-layout-flex\">\n<figure class=\"wp-block-image size-large\"><a href=\"https:\/\/nijar.org\/wp-content\/uploads\/2022\/05\/10-Strawberries.jpg\"><img loading=\"lazy\" decoding=\"async\" width=\"1024\" height=\"575\" data-id=\"949\" src=\"https:\/\/nijar.org\/wp-content\/uploads\/2022\/05\/10-Strawberries-1024x575.jpg\" alt=\"\" class=\"wp-image-949\" srcset=\"https:\/\/nijar.org\/wp-content\/uploads\/2022\/05\/10-Strawberries-1024x575.jpg 1024w, https:\/\/nijar.org\/wp-content\/uploads\/2022\/05\/10-Strawberries-600x337.jpg 600w, https:\/\/nijar.org\/wp-content\/uploads\/2022\/05\/10-Strawberries-300x169.jpg 300w, https:\/\/nijar.org\/wp-content\/uploads\/2022\/05\/10-Strawberries-768x431.jpg 768w, https:\/\/nijar.org\/wp-content\/uploads\/2022\/05\/10-Strawberries.jpg 1289w\" sizes=\"(max-width: 1024px) 100vw, 1024px\" \/><\/a><figcaption>Fresas<\/figcaption><\/figure>\n\n\n\n<figure class=\"wp-block-image size-large\"><a href=\"https:\/\/nijar.org\/wp-content\/uploads\/2022\/05\/11-View-is-always-wondeful.jpg\"><img loading=\"lazy\" decoding=\"async\" width=\"1024\" height=\"576\" data-id=\"950\" src=\"https:\/\/nijar.org\/wp-content\/uploads\/2022\/05\/11-View-is-always-wondeful-1024x576.jpg\" alt=\"\" class=\"wp-image-950\" srcset=\"https:\/\/nijar.org\/wp-content\/uploads\/2022\/05\/11-View-is-always-wondeful-1024x576.jpg 1024w, https:\/\/nijar.org\/wp-content\/uploads\/2022\/05\/11-View-is-always-wondeful-600x337.jpg 600w, https:\/\/nijar.org\/wp-content\/uploads\/2022\/05\/11-View-is-always-wondeful-300x169.jpg 300w, https:\/\/nijar.org\/wp-content\/uploads\/2022\/05\/11-View-is-always-wondeful-768x432.jpg 768w, https:\/\/nijar.org\/wp-content\/uploads\/2022\/05\/11-View-is-always-wondeful.jpg 1307w\" sizes=\"(max-width: 1024px) 100vw, 1024px\" \/><\/a><figcaption>La vista siempre es maravillosa<\/figcaption><\/figure>\n<\/figure>\n\n\n\n<figure class=\"wp-block-gallery has-nested-images columns-default is-cropped wp-block-gallery-6 is-layout-flex wp-block-gallery-is-layout-flex\">\n<figure class=\"wp-block-image size-large\"><a href=\"https:\/\/nijar.org\/wp-content\/uploads\/2022\/05\/13-Back-up-for-mulching.jpg\"><img loading=\"lazy\" decoding=\"async\" width=\"1024\" height=\"576\" data-id=\"952\" src=\"https:\/\/nijar.org\/wp-content\/uploads\/2022\/05\/13-Back-up-for-mulching-1024x576.jpg\" alt=\"\" class=\"wp-image-952\" srcset=\"https:\/\/nijar.org\/wp-content\/uploads\/2022\/05\/13-Back-up-for-mulching-1024x576.jpg 1024w, https:\/\/nijar.org\/wp-content\/uploads\/2022\/05\/13-Back-up-for-mulching-600x338.jpg 600w, https:\/\/nijar.org\/wp-content\/uploads\/2022\/05\/13-Back-up-for-mulching-300x169.jpg 300w, https:\/\/nijar.org\/wp-content\/uploads\/2022\/05\/13-Back-up-for-mulching-768x432.jpg 768w, https:\/\/nijar.org\/wp-content\/uploads\/2022\/05\/13-Back-up-for-mulching.jpg 1500w\" sizes=\"(max-width: 1024px) 100vw, 1024px\" \/><\/a><figcaption>Respaldo para mulching<\/figcaption><\/figure>\n\n\n\n<figure class=\"wp-block-image size-large\"><a href=\"https:\/\/nijar.org\/wp-content\/uploads\/2022\/05\/14-Pumpkin-and-patatoe-experiment.jpg\"><img loading=\"lazy\" decoding=\"async\" width=\"1024\" height=\"576\" data-id=\"953\" src=\"https:\/\/nijar.org\/wp-content\/uploads\/2022\/05\/14-Pumpkin-and-patatoe-experiment-1024x576.jpg\" alt=\"\" class=\"wp-image-953\" srcset=\"https:\/\/nijar.org\/wp-content\/uploads\/2022\/05\/14-Pumpkin-and-patatoe-experiment-1024x576.jpg 1024w, https:\/\/nijar.org\/wp-content\/uploads\/2022\/05\/14-Pumpkin-and-patatoe-experiment-600x338.jpg 600w, https:\/\/nijar.org\/wp-content\/uploads\/2022\/05\/14-Pumpkin-and-patatoe-experiment-300x169.jpg 300w, https:\/\/nijar.org\/wp-content\/uploads\/2022\/05\/14-Pumpkin-and-patatoe-experiment-768x432.jpg 768w, https:\/\/nijar.org\/wp-content\/uploads\/2022\/05\/14-Pumpkin-and-patatoe-experiment.jpg 1500w\" sizes=\"(max-width: 1024px) 100vw, 1024px\" \/><\/a><figcaption>Experimento con calabaza y patata<\/figcaption><\/figure>\n<\/figure>\n\n\n\n<figure class=\"wp-block-gallery has-nested-images columns-default is-cropped wp-block-gallery-7 is-layout-flex wp-block-gallery-is-layout-flex\">\n<figure class=\"wp-block-image size-large\"><a href=\"https:\/\/nijar.org\/wp-content\/uploads\/2022\/05\/15-Nisperos-tree-bears-lots-of-fruits.jpg\"><img loading=\"lazy\" decoding=\"async\" width=\"1024\" height=\"576\" data-id=\"954\" src=\"https:\/\/nijar.org\/wp-content\/uploads\/2022\/05\/15-Nisperos-tree-bears-lots-of-fruits-1024x576.jpg\" alt=\"\" class=\"wp-image-954\" srcset=\"https:\/\/nijar.org\/wp-content\/uploads\/2022\/05\/15-Nisperos-tree-bears-lots-of-fruits-1024x576.jpg 1024w, https:\/\/nijar.org\/wp-content\/uploads\/2022\/05\/15-Nisperos-tree-bears-lots-of-fruits-600x338.jpg 600w, https:\/\/nijar.org\/wp-content\/uploads\/2022\/05\/15-Nisperos-tree-bears-lots-of-fruits-300x169.jpg 300w, https:\/\/nijar.org\/wp-content\/uploads\/2022\/05\/15-Nisperos-tree-bears-lots-of-fruits-768x432.jpg 768w, https:\/\/nijar.org\/wp-content\/uploads\/2022\/05\/15-Nisperos-tree-bears-lots-of-fruits.jpg 1500w\" sizes=\"(max-width: 1024px) 100vw, 1024px\" \/><\/a><figcaption>El \u00e1rbol Nisperos da muchos frutos<\/figcaption><\/figure>\n\n\n\n<figure class=\"wp-block-image size-large\"><a href=\"https:\/\/nijar.org\/wp-content\/uploads\/2022\/05\/16-Sweet-patatoes.jpg\"><img loading=\"lazy\" decoding=\"async\" width=\"1024\" height=\"576\" data-id=\"955\" src=\"https:\/\/nijar.org\/wp-content\/uploads\/2022\/05\/16-Sweet-patatoes-1024x576.jpg\" alt=\"\" class=\"wp-image-955\" srcset=\"https:\/\/nijar.org\/wp-content\/uploads\/2022\/05\/16-Sweet-patatoes-1024x576.jpg 1024w, https:\/\/nijar.org\/wp-content\/uploads\/2022\/05\/16-Sweet-patatoes-600x338.jpg 600w, https:\/\/nijar.org\/wp-content\/uploads\/2022\/05\/16-Sweet-patatoes-300x169.jpg 300w, https:\/\/nijar.org\/wp-content\/uploads\/2022\/05\/16-Sweet-patatoes-768x432.jpg 768w, https:\/\/nijar.org\/wp-content\/uploads\/2022\/05\/16-Sweet-patatoes.jpg 1500w\" sizes=\"(max-width: 1024px) 100vw, 1024px\" \/><\/a><figcaption>Boniatos<\/figcaption><\/figure>\n<\/figure>\n\n\n\n<figure class=\"wp-block-gallery has-nested-images columns-default is-cropped wp-block-gallery-8 is-layout-flex wp-block-gallery-is-layout-flex\">\n<figure class=\"wp-block-image size-large\"><a href=\"https:\/\/nijar.org\/wp-content\/uploads\/2022\/05\/18-We-eat-from-our-own-vegetable-garden.jpg\"><img loading=\"lazy\" decoding=\"async\" width=\"1024\" height=\"576\" data-id=\"957\" src=\"https:\/\/nijar.org\/wp-content\/uploads\/2022\/05\/18-We-eat-from-our-own-vegetable-garden-1024x576.jpg\" alt=\"\" class=\"wp-image-957\" srcset=\"https:\/\/nijar.org\/wp-content\/uploads\/2022\/05\/18-We-eat-from-our-own-vegetable-garden-1024x576.jpg 1024w, https:\/\/nijar.org\/wp-content\/uploads\/2022\/05\/18-We-eat-from-our-own-vegetable-garden-600x337.jpg 600w, https:\/\/nijar.org\/wp-content\/uploads\/2022\/05\/18-We-eat-from-our-own-vegetable-garden-300x169.jpg 300w, https:\/\/nijar.org\/wp-content\/uploads\/2022\/05\/18-We-eat-from-our-own-vegetable-garden-768x432.jpg 768w, https:\/\/nijar.org\/wp-content\/uploads\/2022\/05\/18-We-eat-from-our-own-vegetable-garden.jpg 1460w\" sizes=\"(max-width: 1024px) 100vw, 1024px\" \/><\/a><figcaption>Comemos de nuestro propio huerto<\/figcaption><\/figure>\n\n\n\n<figure class=\"wp-block-image size-large\"><a href=\"https:\/\/nijar.org\/wp-content\/uploads\/2022\/05\/19-End-of-spring.jpg\"><img loading=\"lazy\" decoding=\"async\" width=\"1024\" height=\"576\" data-id=\"958\" src=\"https:\/\/nijar.org\/wp-content\/uploads\/2022\/05\/19-End-of-spring-1024x576.jpg\" alt=\"\" class=\"wp-image-958\" srcset=\"https:\/\/nijar.org\/wp-content\/uploads\/2022\/05\/19-End-of-spring-1024x576.jpg 1024w, https:\/\/nijar.org\/wp-content\/uploads\/2022\/05\/19-End-of-spring-600x338.jpg 600w, https:\/\/nijar.org\/wp-content\/uploads\/2022\/05\/19-End-of-spring-300x169.jpg 300w, https:\/\/nijar.org\/wp-content\/uploads\/2022\/05\/19-End-of-spring-768x432.jpg 768w, https:\/\/nijar.org\/wp-content\/uploads\/2022\/05\/19-End-of-spring.jpg 1500w\" sizes=\"(max-width: 1024px) 100vw, 1024px\" \/><\/a><figcaption>Fin de la primavera<\/figcaption><\/figure>\n<\/figure>\n\n\n\n<figure class=\"wp-block-image size-large\"><a href=\"https:\/\/nijar.org\/wp-content\/uploads\/2022\/05\/17-Trees-are-professionaly-protected-from-heavy-winds.jpg\"><img loading=\"lazy\" decoding=\"async\" width=\"1024\" height=\"576\" src=\"https:\/\/nijar.org\/wp-content\/uploads\/2022\/05\/17-Trees-are-professionaly-protected-from-heavy-winds-1024x576.jpg\" alt=\"\" class=\"wp-image-956\" srcset=\"https:\/\/nijar.org\/wp-content\/uploads\/2022\/05\/17-Trees-are-professionaly-protected-from-heavy-winds-1024x576.jpg 1024w, https:\/\/nijar.org\/wp-content\/uploads\/2022\/05\/17-Trees-are-professionaly-protected-from-heavy-winds-600x338.jpg 600w, https:\/\/nijar.org\/wp-content\/uploads\/2022\/05\/17-Trees-are-professionaly-protected-from-heavy-winds-300x169.jpg 300w, https:\/\/nijar.org\/wp-content\/uploads\/2022\/05\/17-Trees-are-professionaly-protected-from-heavy-winds-768x432.jpg 768w, https:\/\/nijar.org\/wp-content\/uploads\/2022\/05\/17-Trees-are-professionaly-protected-from-heavy-winds.jpg 1500w\" sizes=\"(max-width: 1024px) 100vw, 1024px\" \/><\/a><figcaption>Los \u00e1rboles est\u00e1n protegidos profesionalmente de los vientos fuertes<\/figcaption><\/figure>\n\n\n\n<div style=\"height:50px\" aria-hidden=\"true\" class=\"wp-block-spacer\"><\/div>\n\n\n\n<figure class=\"wp-block-gallery has-nested-images columns-default is-cropped wp-block-gallery-9 is-layout-flex wp-block-gallery-is-layout-flex\"><\/figure>\n\n\n\n<p>La semana pasada, los obreros comenzaron la construcci\u00f3n de una nueva cocina. Afortunadamente, un Retiro N\u00e2m consiste en hacer silencio interior, ya que a los obreros enseguida les entraron ganas de hacer mucho ruido, algo bastante l\u00f3gico teniendo en cuenta que primero hab\u00eda que demoler la vieja cocina...<\/p>\n\n\n\n<div style=\"height:50px\" aria-hidden=\"true\" class=\"wp-block-spacer\"><\/div>\n\n\n\n<figure class=\"wp-block-gallery has-nested-images columns-default is-cropped wp-block-gallery-10 is-layout-flex wp-block-gallery-is-layout-flex\">\n<figure class=\"wp-block-image size-large\"><a href=\"https:\/\/nijar.org\/wp-content\/uploads\/2022\/05\/22-New-kitchen-in-progress-4.jpg\"><img loading=\"lazy\" decoding=\"async\" width=\"1024\" height=\"576\" data-id=\"961\" src=\"https:\/\/nijar.org\/wp-content\/uploads\/2022\/05\/22-New-kitchen-in-progress-4-1024x576.jpg\" alt=\"\" class=\"wp-image-961\" srcset=\"https:\/\/nijar.org\/wp-content\/uploads\/2022\/05\/22-New-kitchen-in-progress-4-1024x576.jpg 1024w, https:\/\/nijar.org\/wp-content\/uploads\/2022\/05\/22-New-kitchen-in-progress-4-600x338.jpg 600w, https:\/\/nijar.org\/wp-content\/uploads\/2022\/05\/22-New-kitchen-in-progress-4-300x169.jpg 300w, https:\/\/nijar.org\/wp-content\/uploads\/2022\/05\/22-New-kitchen-in-progress-4-768x432.jpg 768w, https:\/\/nijar.org\/wp-content\/uploads\/2022\/05\/22-New-kitchen-in-progress-4.jpg 1354w\" sizes=\"(max-width: 1024px) 100vw, 1024px\" \/><\/a><\/figure>\n\n\n\n<figure class=\"wp-block-image size-large\"><a href=\"https:\/\/nijar.org\/wp-content\/uploads\/2022\/05\/20-New-kitchen-in-progress-1.jpg\"><img loading=\"lazy\" decoding=\"async\" width=\"1024\" height=\"576\" data-id=\"959\" src=\"https:\/\/nijar.org\/wp-content\/uploads\/2022\/05\/20-New-kitchen-in-progress-1-1024x576.jpg\" alt=\"\" class=\"wp-image-959\" srcset=\"https:\/\/nijar.org\/wp-content\/uploads\/2022\/05\/20-New-kitchen-in-progress-1-1024x576.jpg 1024w, https:\/\/nijar.org\/wp-content\/uploads\/2022\/05\/20-New-kitchen-in-progress-1-600x338.jpg 600w, https:\/\/nijar.org\/wp-content\/uploads\/2022\/05\/20-New-kitchen-in-progress-1-300x169.jpg 300w, https:\/\/nijar.org\/wp-content\/uploads\/2022\/05\/20-New-kitchen-in-progress-1-768x432.jpg 768w, https:\/\/nijar.org\/wp-content\/uploads\/2022\/05\/20-New-kitchen-in-progress-1.jpg 1500w\" sizes=\"(max-width: 1024px) 100vw, 1024px\" \/><\/a><\/figure>\n<\/figure>\n\n\n\n<figure class=\"wp-block-image size-large\"><a href=\"https:\/\/nijar.org\/wp-content\/uploads\/2022\/05\/21-New-kitchen-in-progress-3.jpg\"><img loading=\"lazy\" decoding=\"async\" width=\"1024\" height=\"576\" src=\"https:\/\/nijar.org\/wp-content\/uploads\/2022\/05\/21-New-kitchen-in-progress-3-1024x576.jpg\" alt=\"\" class=\"wp-image-960\" srcset=\"https:\/\/nijar.org\/wp-content\/uploads\/2022\/05\/21-New-kitchen-in-progress-3-1024x576.jpg 1024w, https:\/\/nijar.org\/wp-content\/uploads\/2022\/05\/21-New-kitchen-in-progress-3-600x338.jpg 600w, https:\/\/nijar.org\/wp-content\/uploads\/2022\/05\/21-New-kitchen-in-progress-3-300x169.jpg 300w, https:\/\/nijar.org\/wp-content\/uploads\/2022\/05\/21-New-kitchen-in-progress-3-768x432.jpg 768w, https:\/\/nijar.org\/wp-content\/uploads\/2022\/05\/21-New-kitchen-in-progress-3.jpg 1500w\" sizes=\"(max-width: 1024px) 100vw, 1024px\" \/><\/a><figcaption>Nueva cocina en curso<\/figcaption><\/figure>\n\n\n\n<div style=\"height:50px\" aria-hidden=\"true\" class=\"wp-block-spacer\"><\/div>\n\n\n\n<p>Varios talleres gratuitos sobre agricultura y jardiner\u00eda regeneradora tendr\u00e1n lugar en el periodo comprendido entre el mi\u00e9rcoles 1 de junio y el mi\u00e9rcoles 8 de junio en Asharum N\u00edjar. Te invitamos a unirte a esta ocasi\u00f3n especial, para vivir la experiencia de Asharum N\u00edjar combinada con informaci\u00f3n sobre -y pr\u00e1ctica en- la naturaleza.<\/p>\n\n\n\n<div style=\"height:50px\" aria-hidden=\"true\" class=\"wp-block-spacer\"><\/div>\n\n\n\n<h2 class=\"wp-block-heading\"><strong>Invitaci\u00f3n a talleres de jardiner\u00eda<\/strong><\/h2>\n\n\n\n<p>Queridos amigos: Nos complace informaros de que la primera semana de junio celebraremos en Asharum N\u00edjar (Espa\u00f1a) un par de talleres sobre jardiner\u00eda y agricultura regeneradoras.<\/p>\n\n\n\n<p><strong>Se celebrar\u00e1n varios talleres entre el mi\u00e9rcoles 1 de junio y el mi\u00e9rcoles 8 de junio.<\/strong><\/p>\n\n\n\n<p>Nuestro buen amigo y especialista Chris de Waard vendr\u00e1 esa semana para compartir algunos de sus profundos conocimientos en la pr\u00e1ctica con el equipo de Asharum Nijar.<\/p>\n\n\n\n<p>Dado que a\u00fan quedan algunas habitaciones disponibles durante este periodo, nos gustar\u00eda ofrecerle la oportunidad de unirse a esta ocasi\u00f3n especial para vivir la experiencia de Asharum Nijar combinada con informaci\u00f3n sobre -y pr\u00e1ctica en- la naturaleza.<\/p>\n\n\n\n<p>Los talleres se celebrar\u00e1n principalmente en neerland\u00e9s, pero tambi\u00e9n hay previsto un d\u00eda en ingl\u00e9s para posibles participantes del vecindario directo.&nbsp;<\/p>\n\n\n\n<p>Los temas principales del taller ser\u00e1n:<\/p>\n\n\n\n<ul class=\"wp-block-list\"><li><strong><em>mejora del suelo<\/em><\/strong><\/li><li><strong><em>compostaje, compost-te, mulching<\/em><\/strong><\/li><li><strong><em>plantaci\u00f3n de \u00e1rboles<\/em><\/strong><\/li><li><strong><em>agua y t\u00e9cnicas de riego<\/em><\/strong><\/li><li><strong><em>regeneraci\u00f3n<\/em><\/strong><\/li><\/ul>\n\n\n\n<p>No hay costes adicionales para el taller. S\u00f3lo el precio normal de las habitaciones, incluidas todas las comidas. Si est\u00e1 interesado en participar, p\u00f3ngase pronto en contacto con nosotros enviando un correo electr\u00f3nico a\u00a0<a rel=\"noreferrer noopener\" href=\"mailto:contact@livingnam.org\" target=\"_blank\">contact@livingnam.org<\/a>. <\/p>\n\n\n\n<p>La disponibilidad es limitada (s\u00f3lo hay 4 habitaciones disponibles). Por favor, h\u00e1ganos saber cu\u00e1ntas noches le gustar\u00eda quedarse en el Asharum.\u00a0<\/p>","protected":false},"excerpt":{"rendered":"<p>Este mes presentamos todas las novedades de Asharum N\u00edjar y del jard\u00edn a trav\u00e9s de fotos. El mes pasado llovi\u00f3 mucho, lo que hace que el jard\u00edn est\u00e9 excepcionalmente verde. Plantas que nunca hab\u00edamos visto antes crecen desmesuradamente. Los pistacheros parecen estar dando un impulso de crecimiento. Estamos muy agradecidos por la lluvia ya que...<\/p>","protected":false},"author":8,"featured_media":975,"comment_status":"open","ping_status":"open","sticky":false,"template":"","format":"standard","meta":{"_kad_post_transparent":"","_kad_post_title":"","_kad_post_layout":"","_kad_post_sidebar_id":"","_kad_post_content_style":"","_kad_post_vertical_padding":"","_kad_post_feature":"","_kad_post_feature_position":"","_kad_post_header":false,"_kad_post_footer":false,"_kad_post_classname":"","footnotes":""},"categories":[1],"tags":[],"class_list":["post-946","post","type-post","status-publish","format-standard","has-post-thumbnail","hentry","category-the-monthly-journal"],"aioseo_notices":[],"_links":{"self":[{"href":"https:\/\/nijar.org\/es\/wp-json\/wp\/v2\/posts\/946","targetHints":{"allow":["GET"]}}],"collection":[{"href":"https:\/\/nijar.org\/es\/wp-json\/wp\/v2\/posts"}],"about":[{"href":"https:\/\/nijar.org\/es\/wp-json\/wp\/v2\/types\/post"}],"author":[{"embeddable":true,"href":"https:\/\/nijar.org\/es\/wp-json\/wp\/v2\/users\/8"}],"replies":[{"embeddable":true,"href":"https:\/\/nijar.org\/es\/wp-json\/wp\/v2\/comments?post=946"}],"version-history":[{"count":0,"href":"https:\/\/nijar.org\/es\/wp-json\/wp\/v2\/posts\/946\/revisions"}],"wp:featuredmedia":[{"embeddable":true,"href":"https:\/\/nijar.org\/es\/wp-json\/wp\/v2\/media\/975"}],"wp:attachment":[{"href":"https:\/\/nijar.org\/es\/wp-json\/wp\/v2\/media?parent=946"}],"wp:term":[{"taxonomy":"category","embeddable":true,"href":"https:\/\/nijar.org\/es\/wp-json\/wp\/v2\/categories?post=946"},{"taxonomy":"post_tag","embeddable":true,"href":"https:\/\/nijar.org\/es\/wp-json\/wp\/v2\/tags?post=946"}],"curies":[{"name":"wp","href":"https:\/\/api.w.org\/{rel}","templated":true}]}}