{"id":915,"date":"2022-04-02T13:25:03","date_gmt":"2022-04-02T12:25:03","guid":{"rendered":"https:\/\/nijar.org\/?p=915"},"modified":"2022-12-24T09:59:04","modified_gmt":"2022-12-24T08:59:04","slug":"diario-aprile-2022","status":"publish","type":"post","link":"https:\/\/nijar.org\/es\/diario-aprile-2022","title":{"rendered":"Diario Aprile 2022"},"content":{"rendered":"<p>Marzo \u00e8 passato in un batter d'occhio. Questo mese abbiamo avuto diversi tipi di tempo e ci siamo sottomettessi alle intemperie. Marzo \u00e8 iniziato con giornate serene e soleggiate, seguite da qualche pioggia. Fin qui niente di speciale. Poi, a met\u00e0 mese, siamo stati sopraffatti da \"la Calima\" (una parola spagnola che tradotta significa \"la foschia\"), un fenomeno apparentemente causato dalla polvere del Sahara che viene spinta in alto nell'atmosfera colorando il cielo di arancione dandogli un aspetto apocalittico. Tre giorni di cielo arancione brillante ci hanno lasciato un po' disorientati e storditi. A este fen\u00f3meno ha seguido la inundaci\u00f3n que ha llevado toda la p\u00f3lvora al suelo, lo que ha dado a todos los edificios un color marr\u00f3n rojizo, dejando una capa de p\u00f3lvora fina por encima. Sui muri, sulle macchine, sulle piante, era ovunque, anche nelle case. Ne abbiamo pulito buona parte ma dopo qualche giorno \u00e8 tornata la pioggia fangosa... La fine di marzo \u00e8 stata caratterizzata da piogge normali. Tanta pioggia per diversi giorni. Un habitante de N\u00edjar, que vive aqu\u00ed desde hace m\u00e1s de 20 a\u00f1os ha dicho que nunca hab\u00eda visto un per\u00edodo tan largo de pioggia y cielos tan suaves. Il sole e la luna non si vedevano da nessuna parte. Non \u00e8 una cosa comune per questa zona. Per fortuna gli ultimi giorni del mese \u00e8 tornato il tempo \"normale\". Un po' di sole, qualche nuvola e una discreta quantit\u00e0 di vento.<\/p>\n\n\n\n<p>Tambi\u00e9n ha sido un mes de visitas familiares. Leon, YoonHwa y Leila se han quedado aqu\u00ed una semana, Rowin (hijo de Edwins) se ha quedado durante los d\u00edas de vacaciones (mientras el sol brilla en los Pa\u00edses Bajos), y los padres de Melvins tambi\u00e9n han visitado N\u00edjar una semana. Adem\u00e1s, nos complace acoger a un nuevo hu\u00e9sped que hemos encontrado en uno de los sitios web. Actualmente Marcel est\u00e1 aqu\u00ed, mientras que este fin de semana esperamos la visita de Iman y Roelof. Abril est\u00e1 casi terminado, y para marzo y agosto las estancias se est\u00e1n renovando r\u00e1pidamente.<\/p>\n\n\n\n<div style=\"height:50px\" aria-hidden=\"true\" class=\"wp-block-spacer\"><\/div>\n\n\n\n<figure class=\"wp-block-image size-large\"><a href=\"https:\/\/nijar.org\/wp-content\/uploads\/2022\/04\/IMG_4785.jpg\"><img fetchpriority=\"high\" decoding=\"async\" width=\"1024\" height=\"768\" src=\"https:\/\/nijar.org\/wp-content\/uploads\/2022\/04\/IMG_4785-1024x768.jpg\" alt=\"\" class=\"wp-image-888\" srcset=\"https:\/\/nijar.org\/wp-content\/uploads\/2022\/04\/IMG_4785-1024x768.jpg 1024w, https:\/\/nijar.org\/wp-content\/uploads\/2022\/04\/IMG_4785-600x450.jpg 600w, https:\/\/nijar.org\/wp-content\/uploads\/2022\/04\/IMG_4785-300x225.jpg 300w, https:\/\/nijar.org\/wp-content\/uploads\/2022\/04\/IMG_4785-768x576.jpg 768w, https:\/\/nijar.org\/wp-content\/uploads\/2022\/04\/IMG_4785-1536x1152.jpg 1536w, https:\/\/nijar.org\/wp-content\/uploads\/2022\/04\/IMG_4785.jpg 2000w\" sizes=\"(max-width: 1024px) 100vw, 1024px\" \/><\/a><\/figure>\n\n\n\n<div style=\"height:15px\" aria-hidden=\"true\" class=\"wp-block-spacer\"><\/div>\n\n\n\n<figure class=\"wp-block-gallery has-nested-images columns-default is-cropped wp-block-gallery-1 is-layout-flex wp-block-gallery-is-layout-flex\">\n<figure class=\"wp-block-image size-large\"><a href=\"https:\/\/nijar.org\/wp-content\/uploads\/2022\/04\/28910847-9324-47AA-B8F3-93715050E366.jpg\"><img decoding=\"async\" width=\"819\" height=\"1024\" data-id=\"889\" src=\"https:\/\/nijar.org\/wp-content\/uploads\/2022\/04\/28910847-9324-47AA-B8F3-93715050E366-819x1024.jpg\" alt=\"\" class=\"wp-image-889\" srcset=\"https:\/\/nijar.org\/wp-content\/uploads\/2022\/04\/28910847-9324-47AA-B8F3-93715050E366-819x1024.jpg 819w, https:\/\/nijar.org\/wp-content\/uploads\/2022\/04\/28910847-9324-47AA-B8F3-93715050E366-600x750.jpg 600w, https:\/\/nijar.org\/wp-content\/uploads\/2022\/04\/28910847-9324-47AA-B8F3-93715050E366-240x300.jpg 240w, https:\/\/nijar.org\/wp-content\/uploads\/2022\/04\/28910847-9324-47AA-B8F3-93715050E366-768x960.jpg 768w, https:\/\/nijar.org\/wp-content\/uploads\/2022\/04\/28910847-9324-47AA-B8F3-93715050E366.jpg 1200w\" sizes=\"(max-width: 819px) 100vw, 819px\" \/><\/a><\/figure>\n\n\n\n<figure class=\"wp-block-image size-large\"><a href=\"https:\/\/nijar.org\/wp-content\/uploads\/2022\/04\/IMG_4842.jpg\"><img decoding=\"async\" width=\"769\" height=\"1024\" data-id=\"890\" src=\"https:\/\/nijar.org\/wp-content\/uploads\/2022\/04\/IMG_4842-769x1024.jpg\" alt=\"\" class=\"wp-image-890\" srcset=\"https:\/\/nijar.org\/wp-content\/uploads\/2022\/04\/IMG_4842-769x1024.jpg 769w, https:\/\/nijar.org\/wp-content\/uploads\/2022\/04\/IMG_4842-600x799.jpg 600w, https:\/\/nijar.org\/wp-content\/uploads\/2022\/04\/IMG_4842-225x300.jpg 225w, https:\/\/nijar.org\/wp-content\/uploads\/2022\/04\/IMG_4842-768x1022.jpg 768w, https:\/\/nijar.org\/wp-content\/uploads\/2022\/04\/IMG_4842.jpg 1127w\" sizes=\"(max-width: 769px) 100vw, 769px\" \/><\/a><\/figure>\n<\/figure>\n\n\n\n<div style=\"height:50px\" aria-hidden=\"true\" class=\"wp-block-spacer\"><\/div>\n\n\n\n<figure class=\"wp-block-gallery has-nested-images columns-default is-cropped wp-block-gallery-2 is-layout-flex wp-block-gallery-is-layout-flex\"><\/figure>\n\n\n\n<p><strong><strong><strong>El jard\u00edn de Asharum N\u00edjar: Ritorno alle Radici<\/strong><\/strong><\/strong><\/p>\n\n\n\n<p>Con todo el agua que cae del cielo, la tierra se satura, lo que a su vez se traduce en campos verdes. Verde de las hierbas, vale la pena decir que requiere mucho trabajo para madurar los sentimientos, pulir las ortigas y asegurarse de que las nuevas albercas y cucarachas tengan espacio para crecer y no sean invadidas por las hierbas. Afortunadamente, con la tierra inundada de agua, atar las cercas es un poco m\u00e1s f\u00e1cil de lo normal. Tralasciando il fastidio, alcune erbacce danno bellissimi fiori che attirano api e altri insetti nel nostro giardino, il che rende gli uccelli abbastanza felici. Possiamo sentire il cinguettio di molti uccelli diversi durante il giorno, ci regalano piacevoli suoni di sottofondo mentre cerchiamo di vivere in sintonia. El paisaje que hemos conocido parece estar afectado por las inundaciones locales, por lo que es necesario un esfuerzo mayor para dar vida a estos semic\u00edrculos. Tutti dobbiamo ancora abituarci alle stagioni del posto e dobbiamo ancora imparare molto sulle piante, sulla loro vita e sulla loro cura, la prendiamo come una sfida per trovare il modo ottimo di far prosperare la vita anche qui.<\/p>\n\n\n\n<div style=\"height:50px\" aria-hidden=\"true\" class=\"wp-block-spacer\"><\/div>\n\n\n\n<figure class=\"wp-block-gallery has-nested-images columns-default is-cropped wp-block-gallery-3 is-layout-flex wp-block-gallery-is-layout-flex\">\n<figure class=\"wp-block-image size-large\"><a href=\"https:\/\/nijar.org\/wp-content\/uploads\/2022\/04\/IMG_4867.jpg\"><img loading=\"lazy\" decoding=\"async\" width=\"769\" height=\"1024\" data-id=\"891\" src=\"https:\/\/nijar.org\/wp-content\/uploads\/2022\/04\/IMG_4867-769x1024.jpg\" alt=\"\" class=\"wp-image-891\" srcset=\"https:\/\/nijar.org\/wp-content\/uploads\/2022\/04\/IMG_4867-769x1024.jpg 769w, https:\/\/nijar.org\/wp-content\/uploads\/2022\/04\/IMG_4867-600x799.jpg 600w, https:\/\/nijar.org\/wp-content\/uploads\/2022\/04\/IMG_4867-225x300.jpg 225w, https:\/\/nijar.org\/wp-content\/uploads\/2022\/04\/IMG_4867-768x1022.jpg 768w, https:\/\/nijar.org\/wp-content\/uploads\/2022\/04\/IMG_4867.jpg 1127w\" sizes=\"(max-width: 769px) 100vw, 769px\" \/><\/a><\/figure>\n\n\n\n<figure class=\"wp-block-image size-large\"><a href=\"https:\/\/nijar.org\/wp-content\/uploads\/2022\/04\/IMG_4864.jpg\"><img loading=\"lazy\" decoding=\"async\" width=\"769\" height=\"1024\" data-id=\"892\" src=\"https:\/\/nijar.org\/wp-content\/uploads\/2022\/04\/IMG_4864-769x1024.jpg\" alt=\"\" class=\"wp-image-892\" srcset=\"https:\/\/nijar.org\/wp-content\/uploads\/2022\/04\/IMG_4864-769x1024.jpg 769w, https:\/\/nijar.org\/wp-content\/uploads\/2022\/04\/IMG_4864-600x799.jpg 600w, https:\/\/nijar.org\/wp-content\/uploads\/2022\/04\/IMG_4864-225x300.jpg 225w, https:\/\/nijar.org\/wp-content\/uploads\/2022\/04\/IMG_4864-768x1023.jpg 768w, https:\/\/nijar.org\/wp-content\/uploads\/2022\/04\/IMG_4864.jpg 901w\" sizes=\"(max-width: 769px) 100vw, 769px\" \/><\/a><\/figure>\n<\/figure>\n\n\n\n<figure class=\"wp-block-image size-large\"><a href=\"https:\/\/nijar.org\/wp-content\/uploads\/2022\/04\/IMG_5005.jpg\"><img loading=\"lazy\" decoding=\"async\" width=\"1024\" height=\"768\" src=\"https:\/\/nijar.org\/wp-content\/uploads\/2022\/04\/IMG_5005-1024x768.jpg\" alt=\"\" class=\"wp-image-893\" srcset=\"https:\/\/nijar.org\/wp-content\/uploads\/2022\/04\/IMG_5005-1024x768.jpg 1024w, https:\/\/nijar.org\/wp-content\/uploads\/2022\/04\/IMG_5005-600x450.jpg 600w, https:\/\/nijar.org\/wp-content\/uploads\/2022\/04\/IMG_5005-300x225.jpg 300w, https:\/\/nijar.org\/wp-content\/uploads\/2022\/04\/IMG_5005-768x576.jpg 768w, https:\/\/nijar.org\/wp-content\/uploads\/2022\/04\/IMG_5005.jpg 1334w\" sizes=\"(max-width: 1024px) 100vw, 1024px\" \/><\/a><\/figure>\n\n\n\n<div style=\"height:50px\" aria-hidden=\"true\" class=\"wp-block-spacer\"><\/div>\n\n\n\n<p>La serra necessitava di una maggiore ventilazione anche dopo aver installato le finestre scorrevoli, ora anche una parte del tetto pu\u00f2 aprirsi, permettendoci cos\u00ec di controllare meglio la temperatura. Abbiamo iniziato a coltivare piantine dentro la serra e finora abbiamo avuto successo. Anguria, gombo, mais, spinaci, zucche, cavoli, cavoli coreani, barbabietole, diversi tipi di fagioli, rafano e manioca. tutti stanno germogliando e crescendo. I campi di patate stanno andando bene e abbiamo gi\u00e0 raccolto molte fave. Actualmente estamos preparando m\u00e1s campos para la producci\u00f3n de alimentos.<\/p>\n\n\n\n<div style=\"height:50px\" aria-hidden=\"true\" class=\"wp-block-spacer\"><\/div>\n\n\n\n<figure class=\"wp-block-image size-large\"><a href=\"https:\/\/nijar.org\/wp-content\/uploads\/2022\/04\/IMG_5002.jpg\"><img loading=\"lazy\" decoding=\"async\" width=\"1024\" height=\"769\" src=\"https:\/\/nijar.org\/wp-content\/uploads\/2022\/04\/IMG_5002-1024x769.jpg\" alt=\"\" class=\"wp-image-894\" srcset=\"https:\/\/nijar.org\/wp-content\/uploads\/2022\/04\/IMG_5002-1024x769.jpg 1024w, https:\/\/nijar.org\/wp-content\/uploads\/2022\/04\/IMG_5002-600x451.jpg 600w, https:\/\/nijar.org\/wp-content\/uploads\/2022\/04\/IMG_5002-300x225.jpg 300w, https:\/\/nijar.org\/wp-content\/uploads\/2022\/04\/IMG_5002-768x577.jpg 768w, https:\/\/nijar.org\/wp-content\/uploads\/2022\/04\/IMG_5002.jpg 1500w\" sizes=\"(max-width: 1024px) 100vw, 1024px\" \/><\/a><\/figure>\n\n\n\n<div style=\"height:15px\" aria-hidden=\"true\" class=\"wp-block-spacer\"><\/div>\n\n\n\n<figure class=\"wp-block-gallery has-nested-images columns-default is-cropped wp-block-gallery-4 is-layout-flex wp-block-gallery-is-layout-flex\">\n<figure class=\"wp-block-image size-large\"><a href=\"https:\/\/nijar.org\/wp-content\/uploads\/2022\/04\/IMG_4882.jpg\"><img loading=\"lazy\" decoding=\"async\" width=\"1334\" height=\"1001\" data-id=\"898\" src=\"https:\/\/nijar.org\/wp-content\/uploads\/2022\/04\/IMG_4882.jpg\" alt=\"\" class=\"wp-image-898\" srcset=\"https:\/\/nijar.org\/wp-content\/uploads\/2022\/04\/IMG_4882.jpg 1334w, https:\/\/nijar.org\/wp-content\/uploads\/2022\/04\/IMG_4882-600x450.jpg 600w, https:\/\/nijar.org\/wp-content\/uploads\/2022\/04\/IMG_4882-300x225.jpg 300w, https:\/\/nijar.org\/wp-content\/uploads\/2022\/04\/IMG_4882-1024x768.jpg 1024w, https:\/\/nijar.org\/wp-content\/uploads\/2022\/04\/IMG_4882-768x576.jpg 768w\" sizes=\"(max-width: 1334px) 100vw, 1334px\" \/><\/a><\/figure>\n\n\n\n<figure class=\"wp-block-image size-large\"><a href=\"https:\/\/nijar.org\/wp-content\/uploads\/2022\/04\/IMG_4908.jpg\"><img loading=\"lazy\" decoding=\"async\" width=\"1334\" height=\"1001\" data-id=\"895\" src=\"https:\/\/nijar.org\/wp-content\/uploads\/2022\/04\/IMG_4908.jpg\" alt=\"\" class=\"wp-image-895\" srcset=\"https:\/\/nijar.org\/wp-content\/uploads\/2022\/04\/IMG_4908.jpg 1334w, https:\/\/nijar.org\/wp-content\/uploads\/2022\/04\/IMG_4908-600x450.jpg 600w, https:\/\/nijar.org\/wp-content\/uploads\/2022\/04\/IMG_4908-300x225.jpg 300w, https:\/\/nijar.org\/wp-content\/uploads\/2022\/04\/IMG_4908-1024x768.jpg 1024w, https:\/\/nijar.org\/wp-content\/uploads\/2022\/04\/IMG_4908-768x576.jpg 768w\" sizes=\"(max-width: 1334px) 100vw, 1334px\" \/><\/a><\/figure>\n<\/figure>\n\n\n\n<div style=\"height:50px\" aria-hidden=\"true\" class=\"wp-block-spacer\"><\/div>\n\n\n\n<p class=\"has-text-align-left\"><strong><strong><strong>Nuevas construcciones y mejoras<\/strong><\/strong><\/strong><\/p>\n\n\n\n<p>Il piccolo bacino d'acqua nella parte posteriore del giardino necessitava di una nuova valvola di sfiato in modo da poter attaccare un tubo all'uscita del bacino per innaffiare gli orti l\u00ec intorno. L'esperto locale \u00e8 passato e ci ha consigliato di riparare le pareti interne per fare in modo che la valvola non fosse bloccata dai detriti. Abbiamo fatto qualche ricerca su come fare da soli questa ristrutturazione, alcuni vicini sono venuti a chiedere consiglio ma alla fine abbiamo affidato il compito ai nostri costruttori rumeni in modo tale da garantire un corretto funzionamento per i prossimi decenni. Questi muratori fanno sempre un ottimo lavoro, la piccola vasca ora \u00e8 pi\u00f9 alta, ha un nuovo pavimento rinforzato e belle pareti intonacate di bianco.<\/p>\n\n\n\n<p>La roseta al final del bloque doccia se ha reconstruido recientemente, sustituyendo la puerta de la escalera para hacer que la \u00faltima ventana del bloque est\u00e9 ahora en el interior de la escalera. S\u00ed, ahora tenemos nuestra primera c\u00e1mara con ventana privada, que ya est\u00e1 lista sin costes adicionales. Cuando dispongamos de m\u00e1s plazas, podremos diferenciar los precios de las habitaciones en funci\u00f3n de las dimensiones y los servicios. Hablando de m\u00e1s habitaciones, se est\u00e1 preparando el espacio posterior a la cocina actual (frente a la cual se ha realizado el nuevo terrazo) para la ampliaci\u00f3n y la reforma de la cocina, con un refuerzo adicional y un lavabo local. Por lo tanto, cuando se hayan completado todos los tr\u00e1mites relacionados con los permisos y las finanzas, estas obras aumentar\u00e1n la capacidad de nuestra casa y tendremos la posibilidad de cocinar para grupos m\u00e1s grandes. Pensiamo sar\u00e0 funzionante definitivamente probabilmente prima dell'estate.<\/p>\n\n\n\n<div style=\"height:50px\" aria-hidden=\"true\" class=\"wp-block-spacer\"><\/div>\n\n\n\n<figure class=\"wp-block-gallery has-nested-images columns-default is-cropped wp-block-gallery-5 is-layout-flex wp-block-gallery-is-layout-flex\">\n<figure class=\"wp-block-image size-large\"><a href=\"https:\/\/nijar.org\/wp-content\/uploads\/2022\/04\/IMG_5003.jpg\"><img loading=\"lazy\" decoding=\"async\" width=\"1024\" height=\"768\" data-id=\"908\" src=\"https:\/\/nijar.org\/wp-content\/uploads\/2022\/04\/IMG_5003-1024x768.jpg\" alt=\"\" class=\"wp-image-908\" srcset=\"https:\/\/nijar.org\/wp-content\/uploads\/2022\/04\/IMG_5003-1024x768.jpg 1024w, https:\/\/nijar.org\/wp-content\/uploads\/2022\/04\/IMG_5003-600x450.jpg 600w, https:\/\/nijar.org\/wp-content\/uploads\/2022\/04\/IMG_5003-300x225.jpg 300w, https:\/\/nijar.org\/wp-content\/uploads\/2022\/04\/IMG_5003-768x576.jpg 768w, https:\/\/nijar.org\/wp-content\/uploads\/2022\/04\/IMG_5003.jpg 1334w\" sizes=\"(max-width: 1024px) 100vw, 1024px\" \/><\/a><\/figure>\n\n\n\n<figure class=\"wp-block-image size-large\"><a href=\"https:\/\/nijar.org\/wp-content\/uploads\/2022\/04\/IMG_5004.jpg\"><img loading=\"lazy\" decoding=\"async\" width=\"1024\" height=\"768\" data-id=\"909\" src=\"https:\/\/nijar.org\/wp-content\/uploads\/2022\/04\/IMG_5004-1024x768.jpg\" alt=\"\" class=\"wp-image-909\" srcset=\"https:\/\/nijar.org\/wp-content\/uploads\/2022\/04\/IMG_5004-1024x768.jpg 1024w, https:\/\/nijar.org\/wp-content\/uploads\/2022\/04\/IMG_5004-600x450.jpg 600w, https:\/\/nijar.org\/wp-content\/uploads\/2022\/04\/IMG_5004-300x225.jpg 300w, https:\/\/nijar.org\/wp-content\/uploads\/2022\/04\/IMG_5004-768x576.jpg 768w, https:\/\/nijar.org\/wp-content\/uploads\/2022\/04\/IMG_5004-1536x1152.jpg 1536w, https:\/\/nijar.org\/wp-content\/uploads\/2022\/04\/IMG_5004.jpg 2000w\" sizes=\"(max-width: 1024px) 100vw, 1024px\" \/><\/a><\/figure>\n<\/figure>\n\n\n\n<figure class=\"wp-block-image size-large\"><a href=\"https:\/\/nijar.org\/wp-content\/uploads\/2022\/04\/IMG_5001.jpg\"><img loading=\"lazy\" decoding=\"async\" width=\"1024\" height=\"769\" src=\"https:\/\/nijar.org\/wp-content\/uploads\/2022\/04\/IMG_5001-1024x769.jpg\" alt=\"\" class=\"wp-image-910\" srcset=\"https:\/\/nijar.org\/wp-content\/uploads\/2022\/04\/IMG_5001-1024x769.jpg 1024w, https:\/\/nijar.org\/wp-content\/uploads\/2022\/04\/IMG_5001-600x451.jpg 600w, https:\/\/nijar.org\/wp-content\/uploads\/2022\/04\/IMG_5001-300x225.jpg 300w, https:\/\/nijar.org\/wp-content\/uploads\/2022\/04\/IMG_5001-768x577.jpg 768w, https:\/\/nijar.org\/wp-content\/uploads\/2022\/04\/IMG_5001.jpg 1200w\" sizes=\"(max-width: 1024px) 100vw, 1024px\" \/><\/a><\/figure>","protected":false},"excerpt":{"rendered":"<p>Marzo \u00e8 passato in un batter d'occhio. Questo mese abbiamo avuto diversi tipi di tempo e ci siamo sottomettessi alle intemperie. Marzo \u00e8 iniziato con giornate serene e soleggiate, seguite da qualche pioggia. Fin qui niente di speciale. Poi, a met\u00e0 mese, siamo stati sopraffatti da \"la Calima\" (una parola spagnola che tradotta significa \"la...<\/p>","protected":false},"author":8,"featured_media":912,"comment_status":"open","ping_status":"open","sticky":false,"template":"","format":"standard","meta":{"_kad_post_transparent":"","_kad_post_title":"","_kad_post_layout":"","_kad_post_sidebar_id":"","_kad_post_content_style":"","_kad_post_vertical_padding":"","_kad_post_feature":"","_kad_post_feature_position":"","_kad_post_header":false,"_kad_post_footer":false,"_kad_post_classname":"","footnotes":""},"categories":[12],"tags":[],"class_list":["post-915","post","type-post","status-publish","format-standard","has-post-thumbnail","hentry","category-diario-del-mese"],"aioseo_notices":[],"_links":{"self":[{"href":"https:\/\/nijar.org\/es\/wp-json\/wp\/v2\/posts\/915","targetHints":{"allow":["GET"]}}],"collection":[{"href":"https:\/\/nijar.org\/es\/wp-json\/wp\/v2\/posts"}],"about":[{"href":"https:\/\/nijar.org\/es\/wp-json\/wp\/v2\/types\/post"}],"author":[{"embeddable":true,"href":"https:\/\/nijar.org\/es\/wp-json\/wp\/v2\/users\/8"}],"replies":[{"embeddable":true,"href":"https:\/\/nijar.org\/es\/wp-json\/wp\/v2\/comments?post=915"}],"version-history":[{"count":0,"href":"https:\/\/nijar.org\/es\/wp-json\/wp\/v2\/posts\/915\/revisions"}],"wp:featuredmedia":[{"embeddable":true,"href":"https:\/\/nijar.org\/es\/wp-json\/wp\/v2\/media\/912"}],"wp:attachment":[{"href":"https:\/\/nijar.org\/es\/wp-json\/wp\/v2\/media?parent=915"}],"wp:term":[{"taxonomy":"category","embeddable":true,"href":"https:\/\/nijar.org\/es\/wp-json\/wp\/v2\/categories?post=915"},{"taxonomy":"post_tag","embeddable":true,"href":"https:\/\/nijar.org\/es\/wp-json\/wp\/v2\/tags?post=915"}],"curies":[{"name":"wp","href":"https:\/\/api.w.org\/{rel}","templated":true}]}}