{"id":847,"date":"2022-03-02T21:46:06","date_gmt":"2022-03-02T20:46:06","guid":{"rendered":"https:\/\/nijar.org\/?p=847"},"modified":"2022-12-24T09:58:42","modified_gmt":"2022-12-24T08:58:42","slug":"revista-marzo-2022","status":"publish","type":"post","link":"https:\/\/nijar.org\/es\/revista-marzo-2022","title":{"rendered":"Diario de marzo de 2022"},"content":{"rendered":"<p><strong>Tr\u00edada del Ser<\/strong><\/p>\n\n\n\n<p>La \u00faltima vez os informamos sobre la Tr\u00edada del Ser, dise\u00f1ada y regalada al Asharum por Yogin\u00e2m con motivo de su 75 cumplea\u00f1os, como s\u00edmbolo de N\u00e2m. La Tr\u00edada del Ser tiene un lugar y una relevancia especiales en el jard\u00edn, tanto para nosotros como para los visitantes del Asharum, ya que es un punto focal en el paseo de meditaci\u00f3n. Adem\u00e1s, tener la Tr\u00edada del Ser como orientaci\u00f3n continua mientras se realizan las tareas diarias en el jard\u00edn sirve como recordatorio constante de la verdadera raz\u00f3n por la que vivimos aqu\u00ed. <\/p>\n\n\n\n<p>La Tr\u00edada del Ser simboliza la naturaleza humana al representar una realizaci\u00f3n profunda en la forma m\u00e1s simple. Por ello, la experiencia de ascender y descender por la Tr\u00edada del Ser genera un impulso muy particular, dif\u00edcil de explicar. <\/p>\n\n\n\n<p>Yogin\u00e2m escribi\u00f3 un texto especialmente dedicado a la Tr\u00edada del Ser. Si te interesa conocer el significado m\u00e1s profundo de la Tr\u00edada del Ser, puedes descargarte este texto <a href=\"https:\/\/livingnam.org\/wp-content\/uploads\/2022\/03\/20220301-The-Triad-of-Being.pdf\" target=\"_blank\" rel=\"noreferrer noopener\">aqu\u00ed<\/a>.<\/p>\n\n\n\n<div style=\"height:50px\" aria-hidden=\"true\" class=\"wp-block-spacer\"><\/div>\n\n\n\n<figure class=\"wp-block-gallery has-nested-images columns-default is-cropped wp-block-gallery-1 is-layout-flex wp-block-gallery-is-layout-flex\">\n<figure class=\"wp-block-image size-large\"><a href=\"https:\/\/nijar.org\/wp-content\/uploads\/2022\/03\/1.jpg\"><img fetchpriority=\"high\" decoding=\"async\" width=\"829\" height=\"1024\" data-id=\"848\" src=\"https:\/\/nijar.org\/wp-content\/uploads\/2022\/03\/1-829x1024.jpg\" alt=\"\" class=\"wp-image-848\" srcset=\"https:\/\/nijar.org\/wp-content\/uploads\/2022\/03\/1-829x1024.jpg 829w, https:\/\/nijar.org\/wp-content\/uploads\/2022\/03\/1-600x741.jpg 600w, https:\/\/nijar.org\/wp-content\/uploads\/2022\/03\/1-243x300.jpg 243w, https:\/\/nijar.org\/wp-content\/uploads\/2022\/03\/1-768x948.jpg 768w, https:\/\/nijar.org\/wp-content\/uploads\/2022\/03\/1.jpg 1000w\" sizes=\"(max-width: 829px) 100vw, 829px\" \/><\/a><\/figure>\n\n\n\n<figure class=\"wp-block-image size-large\"><a href=\"https:\/\/nijar.org\/wp-content\/uploads\/2022\/03\/3.jpg\"><img decoding=\"async\" width=\"683\" height=\"1024\" data-id=\"850\" src=\"https:\/\/nijar.org\/wp-content\/uploads\/2022\/03\/3-683x1024.jpg\" alt=\"\" class=\"wp-image-850\" srcset=\"https:\/\/nijar.org\/wp-content\/uploads\/2022\/03\/3-683x1024.jpg 683w, https:\/\/nijar.org\/wp-content\/uploads\/2022\/03\/3-600x900.jpg 600w, https:\/\/nijar.org\/wp-content\/uploads\/2022\/03\/3-200x300.jpg 200w, https:\/\/nijar.org\/wp-content\/uploads\/2022\/03\/3-768x1152.jpg 768w, https:\/\/nijar.org\/wp-content\/uploads\/2022\/03\/3.jpg 1000w\" sizes=\"(max-width: 683px) 100vw, 683px\" \/><\/a><\/figure>\n<\/figure>\n\n\n\n<div style=\"height:50px\" aria-hidden=\"true\" class=\"wp-block-spacer\"><\/div>\n\n\n\n<p><strong>Febrero: un mes c\u00e1lido<\/strong><\/p>\n\n\n\n<p>Tuvimos un mes muy caluroso con temperaturas que normalmente ocurren en mayo as\u00ed que fue un tiempo agradable para estar afuera y trabajar en el jard\u00edn. Durante este \u00faltimo mes tuvimos la visita de Claudia e Igor y estuvieron muy activos ayudando en la cocina y el jard\u00edn. Claudia hizo mermelada y encurti\u00f3 algunas de nuestras aceitunas e Igor movi\u00f3 muchas piedras y ayud\u00f3 a Edwin con los muros. Tambi\u00e9n tuvimos algunas visitas diurnas: vinieron Alexander y Sana, Ren\u00e9 e Yvette y unos nuevos amigos vecinos: Jack y Helma. Fueron muy generosos al ofrecernos su esti\u00e9rcol de caballo para mejorar nuestro suelo, y ahora tenemos una gran pila de esti\u00e9rcol de caballo viejo que podemos mezclar con paja y utilizar como mantillo en nuestro jard\u00edn. Andr\u00e9e se est\u00e1 recuperando bien, ya no tiene escayola en un brazo y puede hacer cosas por s\u00ed misma. Mientras tanto, aprovecha el tiempo de recuperaci\u00f3n para mejorar su espa\u00f1ol.<\/p>\n\n\n\n<div style=\"height:50px\" aria-hidden=\"true\" class=\"wp-block-spacer\"><\/div>\n\n\n\n<figure class=\"wp-block-gallery has-nested-images columns-default is-cropped wp-block-gallery-2 is-layout-flex wp-block-gallery-is-layout-flex\">\n<figure class=\"wp-block-image size-large\"><a href=\"https:\/\/nijar.org\/wp-content\/uploads\/2022\/03\/IMG_2153.jpg\"><img decoding=\"async\" width=\"1024\" height=\"768\" data-id=\"855\" src=\"https:\/\/nijar.org\/wp-content\/uploads\/2022\/03\/IMG_2153-1024x768.jpg\" alt=\"\" class=\"wp-image-855\" srcset=\"https:\/\/nijar.org\/wp-content\/uploads\/2022\/03\/IMG_2153-1024x768.jpg 1024w, https:\/\/nijar.org\/wp-content\/uploads\/2022\/03\/IMG_2153-600x450.jpg 600w, https:\/\/nijar.org\/wp-content\/uploads\/2022\/03\/IMG_2153-300x225.jpg 300w, https:\/\/nijar.org\/wp-content\/uploads\/2022\/03\/IMG_2153-768x576.jpg 768w, https:\/\/nijar.org\/wp-content\/uploads\/2022\/03\/IMG_2153.jpg 1335w\" sizes=\"(max-width: 1024px) 100vw, 1024px\" \/><\/a><\/figure>\n<\/figure>\n\n\n\n<div style=\"height:50px\" aria-hidden=\"true\" class=\"wp-block-spacer\"><\/div>\n\n\n\n<p><strong>El jard\u00edn del Asharum Nijar: De vuelta a las ra\u00edces<\/strong><\/p>\n\n\n\n<p>Hemos a\u00f1adido algunos \u00e1rboles locales, como granados, almendros y lentiscos, y algunos arbustos, como mirto, espino amarillo y una especie de retama (cytisus maderensis). Tambi\u00e9n hemos plantado un campo de fresas para darnos un sabroso tentempi\u00e9 veraniego. Con estas nuevas incorporaciones, el jard\u00edn se va llenando cada vez m\u00e1s. El primer intento de este a\u00f1o de sembrar abono verde (como tr\u00e9boles, borraja y altramuz) a\u00fan no ha dado lugar a la aparici\u00f3n de nuevas plantas. Ha sido muy seco (casi no ha llovido) y la tierra se endurece mucho, por lo que a las semillas les cuesta brotar en estas condiciones. En algunos puntos, en los que hemos enriquecido la tierra con tierra extra para macetas, est\u00e1n brotando. Las pr\u00f3ximas semanas intentaremos sembrar m\u00e1s tipos diferentes y, con un poco m\u00e1s de cuidado y quiz\u00e1 algo de lluvia, esperamos tener m\u00e1s \u00e9xito. <\/p>\n\n\n\n<p>Hemos creado un invernadero, o vivero de invierno, para poder cultivar pl\u00e1ntulas mientras el tiempo exterior sigue siendo un poco duro. Martin hizo la mayor parte del trabajo de construcci\u00f3n y, una vez terminado, nos dimos cuenta de que necesitaba ventilaci\u00f3n, ya que se calienta muy r\u00e1pido bajo el sol mediterr\u00e1neo. El fin de semana pasado, Martin vino e hizo dos bonitas ventanas correderas en la parte trasera del invernadero. Esta semana averiguaremos c\u00f3mo controlar la temperatura interior y podremos empezar con la germinaci\u00f3n de algunos cultivos de verano, como sand\u00eda, tomate, calabaza y ma\u00edz.<\/p>\n\n\n\n<div style=\"height:50px\" aria-hidden=\"true\" class=\"wp-block-spacer\"><\/div>\n\n\n\n<figure class=\"wp-block-gallery has-nested-images columns-default is-cropped wp-block-gallery-3 is-layout-flex wp-block-gallery-is-layout-flex\">\n<figure class=\"wp-block-image size-large\"><a href=\"https:\/\/nijar.org\/wp-content\/uploads\/2022\/03\/IMG_1010.jpg\"><img loading=\"lazy\" decoding=\"async\" width=\"769\" height=\"1024\" data-id=\"854\" src=\"https:\/\/nijar.org\/wp-content\/uploads\/2022\/03\/IMG_1010-769x1024.jpg\" alt=\"\" class=\"wp-image-854\" srcset=\"https:\/\/nijar.org\/wp-content\/uploads\/2022\/03\/IMG_1010-769x1024.jpg 769w, https:\/\/nijar.org\/wp-content\/uploads\/2022\/03\/IMG_1010-600x799.jpg 600w, https:\/\/nijar.org\/wp-content\/uploads\/2022\/03\/IMG_1010-225x300.jpg 225w, https:\/\/nijar.org\/wp-content\/uploads\/2022\/03\/IMG_1010-768x1022.jpg 768w, https:\/\/nijar.org\/wp-content\/uploads\/2022\/03\/IMG_1010.jpg 1127w\" sizes=\"(max-width: 769px) 100vw, 769px\" \/><\/a><\/figure>\n\n\n\n<figure class=\"wp-block-image size-large\"><a href=\"https:\/\/nijar.org\/wp-content\/uploads\/2022\/03\/IMG_6918.jpg\"><img loading=\"lazy\" decoding=\"async\" width=\"1024\" height=\"768\" data-id=\"857\" src=\"https:\/\/nijar.org\/wp-content\/uploads\/2022\/03\/IMG_6918-1024x768.jpg\" alt=\"\" class=\"wp-image-857\" srcset=\"https:\/\/nijar.org\/wp-content\/uploads\/2022\/03\/IMG_6918-1024x768.jpg 1024w, https:\/\/nijar.org\/wp-content\/uploads\/2022\/03\/IMG_6918-600x450.jpg 600w, https:\/\/nijar.org\/wp-content\/uploads\/2022\/03\/IMG_6918-300x225.jpg 300w, https:\/\/nijar.org\/wp-content\/uploads\/2022\/03\/IMG_6918-768x576.jpg 768w, https:\/\/nijar.org\/wp-content\/uploads\/2022\/03\/IMG_6918.jpg 1334w\" sizes=\"(max-width: 1024px) 100vw, 1024px\" \/><\/a><\/figure>\n<\/figure>\n\n\n\n<figure class=\"wp-block-image size-large\"><a href=\"https:\/\/nijar.org\/wp-content\/uploads\/2022\/03\/IMG_4403.jpg\"><img loading=\"lazy\" decoding=\"async\" width=\"1024\" height=\"768\" src=\"https:\/\/nijar.org\/wp-content\/uploads\/2022\/03\/IMG_4403-1024x768.jpg\" alt=\"\" class=\"wp-image-856\" srcset=\"https:\/\/nijar.org\/wp-content\/uploads\/2022\/03\/IMG_4403-1024x768.jpg 1024w, https:\/\/nijar.org\/wp-content\/uploads\/2022\/03\/IMG_4403-600x450.jpg 600w, https:\/\/nijar.org\/wp-content\/uploads\/2022\/03\/IMG_4403-300x225.jpg 300w, https:\/\/nijar.org\/wp-content\/uploads\/2022\/03\/IMG_4403-768x576.jpg 768w, https:\/\/nijar.org\/wp-content\/uploads\/2022\/03\/IMG_4403.jpg 1334w\" sizes=\"(max-width: 1024px) 100vw, 1024px\" \/><\/a><\/figure>\n\n\n\n<div style=\"height:50px\" aria-hidden=\"true\" class=\"wp-block-spacer\"><\/div>\n\n\n\n<p><strong>Construir y mejorar<\/strong><\/p>\n\n\n\n<p>Junto a la cocina se est\u00e1 construyendo una nueva terraza. Se ha levantado un nuevo muro al final de la terraza existente y detr\u00e1s de \u00e9l, esta nueva terraza estar\u00e1 a pleno sol a la vez que protegida de la direcci\u00f3n principal del viento. Tambi\u00e9n es un lugar donde podemos sentarnos sin ser vistos desde la v\u00eda p\u00fablica, por lo que ofrece algo m\u00e1s de intimidad y es un lugar perfecto para secar nuestra colada. Hasta ahora, los tendederos se mov\u00edan por el lugar y, con las repentinas r\u00e1fagas de viento, ocurr\u00eda m\u00e1s de una vez que se ca\u00edan, ensuciando a veces la ropa reci\u00e9n lavada antes de que pudi\u00e9ramos utilizarla. Puede parecer trivial, pero poder ocultar la colada de la vista principal desde la calle, mejora el aspecto general de nuestro Asharum.<\/p>\n\n\n\n<div style=\"height:50px\" aria-hidden=\"true\" class=\"wp-block-spacer\"><\/div>\n\n\n\n<figure class=\"wp-block-gallery has-nested-images columns-default is-cropped wp-block-gallery-4 is-layout-flex wp-block-gallery-is-layout-flex\">\n<figure class=\"wp-block-image size-full\"><a href=\"https:\/\/nijar.org\/wp-content\/uploads\/2022\/03\/IMG_6947.jpg\"><img loading=\"lazy\" decoding=\"async\" width=\"1000\" height=\"750\" data-id=\"859\" src=\"https:\/\/nijar.org\/wp-content\/uploads\/2022\/03\/IMG_6947.jpg\" alt=\"\" class=\"wp-image-859\" srcset=\"https:\/\/nijar.org\/wp-content\/uploads\/2022\/03\/IMG_6947.jpg 1000w, https:\/\/nijar.org\/wp-content\/uploads\/2022\/03\/IMG_6947-600x450.jpg 600w, https:\/\/nijar.org\/wp-content\/uploads\/2022\/03\/IMG_6947-300x225.jpg 300w, https:\/\/nijar.org\/wp-content\/uploads\/2022\/03\/IMG_6947-768x576.jpg 768w\" sizes=\"(max-width: 1000px) 100vw, 1000px\" \/><\/a><\/figure>\n\n\n\n<figure class=\"wp-block-image size-large\"><a href=\"https:\/\/nijar.org\/wp-content\/uploads\/2022\/03\/garden-wall.jpg\"><img loading=\"lazy\" decoding=\"async\" width=\"1024\" height=\"591\" data-id=\"853\" src=\"https:\/\/nijar.org\/wp-content\/uploads\/2022\/03\/garden-wall-1024x591.jpg\" alt=\"\" class=\"wp-image-853\" srcset=\"https:\/\/nijar.org\/wp-content\/uploads\/2022\/03\/garden-wall-1024x591.jpg 1024w, https:\/\/nijar.org\/wp-content\/uploads\/2022\/03\/garden-wall-600x346.jpg 600w, https:\/\/nijar.org\/wp-content\/uploads\/2022\/03\/garden-wall-300x173.jpg 300w, https:\/\/nijar.org\/wp-content\/uploads\/2022\/03\/garden-wall-768x443.jpg 768w, https:\/\/nijar.org\/wp-content\/uploads\/2022\/03\/garden-wall.jpg 1253w\" sizes=\"(max-width: 1024px) 100vw, 1024px\" \/><\/a><\/figure>\n<\/figure>\n\n\n\n<figure class=\"wp-block-image size-large\"><a href=\"https:\/\/nijar.org\/wp-content\/uploads\/2022\/03\/IMG_6929.jpg\"><img loading=\"lazy\" decoding=\"async\" width=\"1024\" height=\"768\" src=\"https:\/\/nijar.org\/wp-content\/uploads\/2022\/03\/IMG_6929-1024x768.jpg\" alt=\"\" class=\"wp-image-858\" srcset=\"https:\/\/nijar.org\/wp-content\/uploads\/2022\/03\/IMG_6929-1024x768.jpg 1024w, https:\/\/nijar.org\/wp-content\/uploads\/2022\/03\/IMG_6929-600x450.jpg 600w, https:\/\/nijar.org\/wp-content\/uploads\/2022\/03\/IMG_6929-300x225.jpg 300w, https:\/\/nijar.org\/wp-content\/uploads\/2022\/03\/IMG_6929-768x576.jpg 768w, https:\/\/nijar.org\/wp-content\/uploads\/2022\/03\/IMG_6929.jpg 1334w\" sizes=\"(max-width: 1024px) 100vw, 1024px\" \/><\/a><\/figure>","protected":false},"excerpt":{"rendered":"<p>Tr\u00edada del Ser La \u00faltima vez os informamos sobre la Tr\u00edada del Ser, dise\u00f1ada y regalada al Asharum por Yogin\u00e2m con motivo de su 75 cumplea\u00f1os, como s\u00edmbolo de N\u00e2m. La Tr\u00edada del Ser ocupa un lugar y una relevancia especiales en el jard\u00edn, tanto para nosotros como para los visitantes...<\/p>","protected":false},"author":8,"featured_media":848,"comment_status":"open","ping_status":"open","sticky":false,"template":"","format":"standard","meta":{"_kad_post_transparent":"","_kad_post_title":"","_kad_post_layout":"","_kad_post_sidebar_id":"","_kad_post_content_style":"","_kad_post_vertical_padding":"","_kad_post_feature":"","_kad_post_feature_position":"","_kad_post_header":false,"_kad_post_footer":false,"_kad_post_classname":"","footnotes":""},"categories":[1],"tags":[],"class_list":["post-847","post","type-post","status-publish","format-standard","has-post-thumbnail","hentry","category-the-monthly-journal"],"aioseo_notices":[],"_links":{"self":[{"href":"https:\/\/nijar.org\/es\/wp-json\/wp\/v2\/posts\/847","targetHints":{"allow":["GET"]}}],"collection":[{"href":"https:\/\/nijar.org\/es\/wp-json\/wp\/v2\/posts"}],"about":[{"href":"https:\/\/nijar.org\/es\/wp-json\/wp\/v2\/types\/post"}],"author":[{"embeddable":true,"href":"https:\/\/nijar.org\/es\/wp-json\/wp\/v2\/users\/8"}],"replies":[{"embeddable":true,"href":"https:\/\/nijar.org\/es\/wp-json\/wp\/v2\/comments?post=847"}],"version-history":[{"count":0,"href":"https:\/\/nijar.org\/es\/wp-json\/wp\/v2\/posts\/847\/revisions"}],"wp:featuredmedia":[{"embeddable":true,"href":"https:\/\/nijar.org\/es\/wp-json\/wp\/v2\/media\/848"}],"wp:attachment":[{"href":"https:\/\/nijar.org\/es\/wp-json\/wp\/v2\/media?parent=847"}],"wp:term":[{"taxonomy":"category","embeddable":true,"href":"https:\/\/nijar.org\/es\/wp-json\/wp\/v2\/categories?post=847"},{"taxonomy":"post_tag","embeddable":true,"href":"https:\/\/nijar.org\/es\/wp-json\/wp\/v2\/tags?post=847"}],"curies":[{"name":"wp","href":"https:\/\/api.w.org\/{rel}","templated":true}]}}