{"id":915,"date":"2022-04-02T13:25:03","date_gmt":"2022-04-02T12:25:03","guid":{"rendered":"https:\/\/nijar.org\/?p=915"},"modified":"2022-12-24T09:59:04","modified_gmt":"2022-12-24T08:59:04","slug":"diario-aprile-2022","status":"publish","type":"post","link":"https:\/\/nijar.org\/de\/diario-aprile-2022","title":{"rendered":"Tageszeitung Aprile 2022"},"content":{"rendered":"<p>Marzo \u00e8 passato in un batter d'occhio. In diesem Monat haben wir verschiedene Temperaturen erlebt, und wir haben alle Temperaturschwankungen mitgemacht. Der M\u00e4rz hat mit einem ruhigen und entspannten Tag begonnen, gefolgt von einem kleinen Spaziergang. Fin qui niente di speciale. Dann, in der zweiten Jahresh\u00e4lfte, wurden wir von \"la Calima\" (ein spanischer Ausdruck, der \u00fcbersetzt \"der Regen\" bedeutet) heimgesucht, einem Ph\u00e4nomen, das offensichtlich durch die Sahara-Polvere verursacht wird, die sich in der Atmosph\u00e4re ausbreitet und den Himmel f\u00e4rbt und einen apokalyptischen Anstrich verleiht. Tre giorni di cielo arancione brillante ci hanno lasciato un po' disorientati e storditi. Auf dieses Ph\u00e4nomen folgte die Wanderung, die den gesamten Boden mit Polstern \u00fcberzog, was dazu f\u00fchrte, dass alle Geb\u00e4ude eine rotbraune Farbe bekamen, die eine Schicht aus feinstem Poliermittel \u00fcberzog. Sui muri, sulle macchine, sulle piante, era ovunque, anche nelle case. Ne abbiamo pulito buona parte ma dopo qualche giorno \u00e8 tornata la pioggia fangosa... La fine di marzo \u00e8 stata caratterizzata da piogge normali. Tanta pioggia per diversi giorni. Ein Einwohner von N\u00edjar, der seit mehr als 20 Jahren hier lebt, sagte, er habe noch nie eine so lange Zeit mit so viel Schnee und einem so blauen Himmel erlebt. Die Sonne und das Licht waren nicht zu sehen. Non \u00e8 una cosa comune per questa zona. Per fortuna gli ultimi giorni del mese \u00e8 tornato il tempo \"normal\". Un po' di sole, qualche nuvola e una discreta quantit\u00e0 di vento.<\/p>\n\n\n\n<p>\u00c8 stato anche un mese di visite familiari. Leon, YoonHwa e Leila sono stati qui per una settimana, Rowin (figlio di Edwins) \u00e8 stato qui durante i giorni di pioggia (mentre il sole splendeva nei Paesi Bassi), anche i genitori di Melvins hanno visitato Nijar per una settimana. Au\u00dferdem freuen wir uns, einen neuen Gast aufnehmen zu k\u00f6nnen, den wir \u00fcber eine Website gefunden haben. Zur Zeit ist Marcel da, aber in diesem Jahr werden wir den Besuch von Iman und Roelof anstreben. Der April ist so gut wie abgeschlossen, und im Mai und August werden sich die Bereiche schnell entwickeln.<\/p>\n\n\n\n<div style=\"height:50px\" aria-hidden=\"true\" class=\"wp-block-spacer\"><\/div>\n\n\n\n<figure class=\"wp-block-image size-large\"><a href=\"https:\/\/nijar.org\/wp-content\/uploads\/2022\/04\/IMG_4785.jpg\"><img fetchpriority=\"high\" decoding=\"async\" width=\"1024\" height=\"768\" src=\"https:\/\/nijar.org\/wp-content\/uploads\/2022\/04\/IMG_4785-1024x768.jpg\" alt=\"\" class=\"wp-image-888\" srcset=\"https:\/\/nijar.org\/wp-content\/uploads\/2022\/04\/IMG_4785-1024x768.jpg 1024w, https:\/\/nijar.org\/wp-content\/uploads\/2022\/04\/IMG_4785-600x450.jpg 600w, https:\/\/nijar.org\/wp-content\/uploads\/2022\/04\/IMG_4785-300x225.jpg 300w, https:\/\/nijar.org\/wp-content\/uploads\/2022\/04\/IMG_4785-768x576.jpg 768w, https:\/\/nijar.org\/wp-content\/uploads\/2022\/04\/IMG_4785-1536x1152.jpg 1536w, https:\/\/nijar.org\/wp-content\/uploads\/2022\/04\/IMG_4785.jpg 2000w\" sizes=\"(max-width: 1024px) 100vw, 1024px\" \/><\/a><\/figure>\n\n\n\n<div style=\"height:15px\" aria-hidden=\"true\" class=\"wp-block-spacer\"><\/div>\n\n\n\n<figure class=\"wp-block-gallery has-nested-images columns-default is-cropped wp-block-gallery-1 is-layout-flex wp-block-gallery-is-layout-flex\">\n<figure class=\"wp-block-image size-large\"><a href=\"https:\/\/nijar.org\/wp-content\/uploads\/2022\/04\/28910847-9324-47AA-B8F3-93715050E366.jpg\"><img decoding=\"async\" width=\"819\" height=\"1024\" data-id=\"889\" src=\"https:\/\/nijar.org\/wp-content\/uploads\/2022\/04\/28910847-9324-47AA-B8F3-93715050E366-819x1024.jpg\" alt=\"\" class=\"wp-image-889\" srcset=\"https:\/\/nijar.org\/wp-content\/uploads\/2022\/04\/28910847-9324-47AA-B8F3-93715050E366-819x1024.jpg 819w, https:\/\/nijar.org\/wp-content\/uploads\/2022\/04\/28910847-9324-47AA-B8F3-93715050E366-600x750.jpg 600w, https:\/\/nijar.org\/wp-content\/uploads\/2022\/04\/28910847-9324-47AA-B8F3-93715050E366-240x300.jpg 240w, https:\/\/nijar.org\/wp-content\/uploads\/2022\/04\/28910847-9324-47AA-B8F3-93715050E366-768x960.jpg 768w, https:\/\/nijar.org\/wp-content\/uploads\/2022\/04\/28910847-9324-47AA-B8F3-93715050E366.jpg 1200w\" sizes=\"(max-width: 819px) 100vw, 819px\" \/><\/a><\/figure>\n\n\n\n<figure class=\"wp-block-image size-large\"><a href=\"https:\/\/nijar.org\/wp-content\/uploads\/2022\/04\/IMG_4842.jpg\"><img decoding=\"async\" width=\"769\" height=\"1024\" data-id=\"890\" src=\"https:\/\/nijar.org\/wp-content\/uploads\/2022\/04\/IMG_4842-769x1024.jpg\" alt=\"\" class=\"wp-image-890\" srcset=\"https:\/\/nijar.org\/wp-content\/uploads\/2022\/04\/IMG_4842-769x1024.jpg 769w, https:\/\/nijar.org\/wp-content\/uploads\/2022\/04\/IMG_4842-600x799.jpg 600w, https:\/\/nijar.org\/wp-content\/uploads\/2022\/04\/IMG_4842-225x300.jpg 225w, https:\/\/nijar.org\/wp-content\/uploads\/2022\/04\/IMG_4842-768x1022.jpg 768w, https:\/\/nijar.org\/wp-content\/uploads\/2022\/04\/IMG_4842.jpg 1127w\" sizes=\"(max-width: 769px) 100vw, 769px\" \/><\/a><\/figure>\n<\/figure>\n\n\n\n<div style=\"height:50px\" aria-hidden=\"true\" class=\"wp-block-spacer\"><\/div>\n\n\n\n<figure class=\"wp-block-gallery has-nested-images columns-default is-cropped wp-block-gallery-2 is-layout-flex wp-block-gallery-is-layout-flex\"><\/figure>\n\n\n\n<p><strong><strong><strong>Der Garten des Asharum N\u00edjar: Ritorno alle Radici<\/strong><\/strong><\/strong><\/p>\n\n\n\n<p>Mit dem Wasser, das vom Himmel kommt, ist der Boden ges\u00e4ttigt, was sich im Laufe der Zeit immer wieder in gr\u00fcnen Feldern bemerkbar macht. Der Boden ist gr\u00fcn, und es ist klar, dass viel Arbeit n\u00f6tig ist, um die Wege zu s\u00e4ubern, die Pflanzen zu pflegen und sicherzustellen, dass die neuen Pflanzen und Tiere Platz zum Wachsen haben und nicht von den B\u00e4umen verdeckt werden. Gl\u00fccklicherweise ist es mit dem wasserges\u00e4ttigten Boden ein wenig einfacher als sonst, die Pflanzen zu befestigen. Wenn man den Fastidio ausl\u00f6st, k\u00f6nnen einige B\u00e4ume wundersch\u00f6ne Blumen hervorbringen, die die B\u00e4ume und andere Pflanzen in unserem Garten schm\u00fccken, was den B\u00e4umen viel Freude bereitet. Wir k\u00f6nnen im Laufe des Tages das Zirpen von vielen verschiedenen Bienenv\u00f6geln beobachten, die sich \u00fcber die sch\u00f6nen T\u00f6ne freuen, w\u00e4hrend wir in Eintracht leben. Il sovescio che abbiamo seminato sembra essere sopraffatto dalle erbacce locali, quindi \u00e8 necessario uno sforzo maggiore per dar vita a questi semi. Tutti dobbiamo ancora abituarci alle stagioni del posto e dobbiamo ancora imparare molto sulle piante, sulla loro vita e sulla loro cura, la prendiamo come una sfida per trovare il modo ottimale di far prosperare la vita anche qui.<\/p>\n\n\n\n<div style=\"height:50px\" aria-hidden=\"true\" class=\"wp-block-spacer\"><\/div>\n\n\n\n<figure class=\"wp-block-gallery has-nested-images columns-default is-cropped wp-block-gallery-3 is-layout-flex wp-block-gallery-is-layout-flex\">\n<figure class=\"wp-block-image size-large\"><a href=\"https:\/\/nijar.org\/wp-content\/uploads\/2022\/04\/IMG_4867.jpg\"><img loading=\"lazy\" decoding=\"async\" width=\"769\" height=\"1024\" data-id=\"891\" src=\"https:\/\/nijar.org\/wp-content\/uploads\/2022\/04\/IMG_4867-769x1024.jpg\" alt=\"\" class=\"wp-image-891\" srcset=\"https:\/\/nijar.org\/wp-content\/uploads\/2022\/04\/IMG_4867-769x1024.jpg 769w, https:\/\/nijar.org\/wp-content\/uploads\/2022\/04\/IMG_4867-600x799.jpg 600w, https:\/\/nijar.org\/wp-content\/uploads\/2022\/04\/IMG_4867-225x300.jpg 225w, https:\/\/nijar.org\/wp-content\/uploads\/2022\/04\/IMG_4867-768x1022.jpg 768w, https:\/\/nijar.org\/wp-content\/uploads\/2022\/04\/IMG_4867.jpg 1127w\" sizes=\"(max-width: 769px) 100vw, 769px\" \/><\/a><\/figure>\n\n\n\n<figure class=\"wp-block-image size-large\"><a href=\"https:\/\/nijar.org\/wp-content\/uploads\/2022\/04\/IMG_4864.jpg\"><img loading=\"lazy\" decoding=\"async\" width=\"769\" height=\"1024\" data-id=\"892\" src=\"https:\/\/nijar.org\/wp-content\/uploads\/2022\/04\/IMG_4864-769x1024.jpg\" alt=\"\" class=\"wp-image-892\" srcset=\"https:\/\/nijar.org\/wp-content\/uploads\/2022\/04\/IMG_4864-769x1024.jpg 769w, https:\/\/nijar.org\/wp-content\/uploads\/2022\/04\/IMG_4864-600x799.jpg 600w, https:\/\/nijar.org\/wp-content\/uploads\/2022\/04\/IMG_4864-225x300.jpg 225w, https:\/\/nijar.org\/wp-content\/uploads\/2022\/04\/IMG_4864-768x1023.jpg 768w, https:\/\/nijar.org\/wp-content\/uploads\/2022\/04\/IMG_4864.jpg 901w\" sizes=\"(max-width: 769px) 100vw, 769px\" \/><\/a><\/figure>\n<\/figure>\n\n\n\n<figure class=\"wp-block-image size-large\"><a href=\"https:\/\/nijar.org\/wp-content\/uploads\/2022\/04\/IMG_5005.jpg\"><img loading=\"lazy\" decoding=\"async\" width=\"1024\" height=\"768\" src=\"https:\/\/nijar.org\/wp-content\/uploads\/2022\/04\/IMG_5005-1024x768.jpg\" alt=\"\" class=\"wp-image-893\" srcset=\"https:\/\/nijar.org\/wp-content\/uploads\/2022\/04\/IMG_5005-1024x768.jpg 1024w, https:\/\/nijar.org\/wp-content\/uploads\/2022\/04\/IMG_5005-600x450.jpg 600w, https:\/\/nijar.org\/wp-content\/uploads\/2022\/04\/IMG_5005-300x225.jpg 300w, https:\/\/nijar.org\/wp-content\/uploads\/2022\/04\/IMG_5005-768x576.jpg 768w, https:\/\/nijar.org\/wp-content\/uploads\/2022\/04\/IMG_5005.jpg 1334w\" sizes=\"(max-width: 1024px) 100vw, 1024px\" \/><\/a><\/figure>\n\n\n\n<div style=\"height:50px\" aria-hidden=\"true\" class=\"wp-block-spacer\"><\/div>\n\n\n\n<p>La serra necessitava di una maggiore ventilazione anche dopo aver installato le finestre scorrevoli, ora anche una parte del tetto pu\u00f2 aprirsi, permettendoci cos\u00ec di controlare meglio la temperatura. Wir haben begonnen, kleine Fische in der Wiese zu fangen, und wir hatten Erfolg. Anguria, gombo, mais, spinaci, zucche, cavoli, cavoli coreani, barbabietole, variousi tipi di fagioli, rafano e manioca. tutti stanno germogliando e crescendo. I campi di patate stanno andando bene e abbiamo gi\u00e0 raccolto molte fave. Zurzeit bereiten wir weitere Felder f\u00fcr die Herstellung von Nahrungsmitteln vor.<\/p>\n\n\n\n<div style=\"height:50px\" aria-hidden=\"true\" class=\"wp-block-spacer\"><\/div>\n\n\n\n<figure class=\"wp-block-image size-large\"><a href=\"https:\/\/nijar.org\/wp-content\/uploads\/2022\/04\/IMG_5002.jpg\"><img loading=\"lazy\" decoding=\"async\" width=\"1024\" height=\"769\" src=\"https:\/\/nijar.org\/wp-content\/uploads\/2022\/04\/IMG_5002-1024x769.jpg\" alt=\"\" class=\"wp-image-894\" srcset=\"https:\/\/nijar.org\/wp-content\/uploads\/2022\/04\/IMG_5002-1024x769.jpg 1024w, https:\/\/nijar.org\/wp-content\/uploads\/2022\/04\/IMG_5002-600x451.jpg 600w, https:\/\/nijar.org\/wp-content\/uploads\/2022\/04\/IMG_5002-300x225.jpg 300w, https:\/\/nijar.org\/wp-content\/uploads\/2022\/04\/IMG_5002-768x577.jpg 768w, https:\/\/nijar.org\/wp-content\/uploads\/2022\/04\/IMG_5002.jpg 1500w\" sizes=\"(max-width: 1024px) 100vw, 1024px\" \/><\/a><\/figure>\n\n\n\n<div style=\"height:15px\" aria-hidden=\"true\" class=\"wp-block-spacer\"><\/div>\n\n\n\n<figure class=\"wp-block-gallery has-nested-images columns-default is-cropped wp-block-gallery-4 is-layout-flex wp-block-gallery-is-layout-flex\">\n<figure class=\"wp-block-image size-large\"><a href=\"https:\/\/nijar.org\/wp-content\/uploads\/2022\/04\/IMG_4882.jpg\"><img loading=\"lazy\" decoding=\"async\" width=\"1334\" height=\"1001\" data-id=\"898\" src=\"https:\/\/nijar.org\/wp-content\/uploads\/2022\/04\/IMG_4882.jpg\" alt=\"\" class=\"wp-image-898\" srcset=\"https:\/\/nijar.org\/wp-content\/uploads\/2022\/04\/IMG_4882.jpg 1334w, https:\/\/nijar.org\/wp-content\/uploads\/2022\/04\/IMG_4882-600x450.jpg 600w, https:\/\/nijar.org\/wp-content\/uploads\/2022\/04\/IMG_4882-300x225.jpg 300w, https:\/\/nijar.org\/wp-content\/uploads\/2022\/04\/IMG_4882-1024x768.jpg 1024w, https:\/\/nijar.org\/wp-content\/uploads\/2022\/04\/IMG_4882-768x576.jpg 768w\" sizes=\"(max-width: 1334px) 100vw, 1334px\" \/><\/a><\/figure>\n\n\n\n<figure class=\"wp-block-image size-large\"><a href=\"https:\/\/nijar.org\/wp-content\/uploads\/2022\/04\/IMG_4908.jpg\"><img loading=\"lazy\" decoding=\"async\" width=\"1334\" height=\"1001\" data-id=\"895\" src=\"https:\/\/nijar.org\/wp-content\/uploads\/2022\/04\/IMG_4908.jpg\" alt=\"\" class=\"wp-image-895\" srcset=\"https:\/\/nijar.org\/wp-content\/uploads\/2022\/04\/IMG_4908.jpg 1334w, https:\/\/nijar.org\/wp-content\/uploads\/2022\/04\/IMG_4908-600x450.jpg 600w, https:\/\/nijar.org\/wp-content\/uploads\/2022\/04\/IMG_4908-300x225.jpg 300w, https:\/\/nijar.org\/wp-content\/uploads\/2022\/04\/IMG_4908-1024x768.jpg 1024w, https:\/\/nijar.org\/wp-content\/uploads\/2022\/04\/IMG_4908-768x576.jpg 768w\" sizes=\"(max-width: 1334px) 100vw, 1334px\" \/><\/a><\/figure>\n<\/figure>\n\n\n\n<div style=\"height:50px\" aria-hidden=\"true\" class=\"wp-block-spacer\"><\/div>\n\n\n\n<p class=\"has-text-align-left\"><strong><strong><strong>Neue Konstruktionen und Verbesserungen<\/strong><\/strong><\/strong><\/p>\n\n\n\n<p>Das kleine Wasserbecken im hinteren Teil des Gartens erforderte ein neues Wasserventil, um einen Schlauch an der \u00d6ffnung des Beckens befestigen zu k\u00f6nnen, um die darin befindlichen \u00c4ste zu versorgen. L'esperto locale \u00e8 passato e ci ha consigliato di riparare le pareti interne per fare in modo che la valvola non fosse bloccata dai detriti. Wir haben nachgeforscht, wie wir diese Umr\u00fcstung allein durchf\u00fchren k\u00f6nnen, und einige unserer Nachbarn haben uns Ratschl\u00e4ge gegeben, aber wir haben schlie\u00dflich unseren eigenen Monteuren das Vertrauen geschenkt, damit sie in den n\u00e4chsten zehn Jahren eine einwandfreie Funktion gew\u00e4hrleisten k\u00f6nnen. Questi muratori fanno sempre un ottimo lavoro, la piccola vasca ora \u00e8 pi\u00f9 alta, ha un nuovo pavimento rinforzato e belle pareti intonacate di bianco.<\/p>\n\n\n\n<p>Die Stanzung am Ende des Blocks wurde vor kurzem umgebaut, wobei die \u00d6ffnung des Blocks so angebracht wurde, dass die letzte Klappe des Blocks im Inneren des Blocks verbleibt. So, jetzt haben wir unsere erste Kamera mit eigener T\u00fcr, die im Moment noch ohne zus\u00e4tzliche Kosten nutzbar ist. Wenn wir mehr Zimmer zur Verf\u00fcgung haben, k\u00f6nnen wir die Preise f\u00fcr die Zimmer je nach Gr\u00f6\u00dfe und Service differenzieren. Bei mehr Zimmern wird der Raum f\u00fcr die Vergr\u00f6\u00dferung und Umgestaltung der bestehenden K\u00fcche (vor der die neue Terrasse gebaut wurde) vorbereitet, mit einem weiteren Aufzug und einer lokalen Toilette. Es werden noch zwei weitere R\u00e4ume vorgesehen, die auch privat genutzt werden k\u00f6nnen, so dass, sobald alle Genehmigungs- und Finanzierungsformalit\u00e4ten erledigt sind, diese Arbeiten die Kapazit\u00e4t unseres Hauses erh\u00f6hen und wir die M\u00f6glichkeit haben, f\u00fcr gr\u00f6\u00dfere Gruppen zu kochen. Pensiamo sar\u00e0 funzionante definitivamente probabilmente prima dell'estate.<\/p>\n\n\n\n<div style=\"height:50px\" aria-hidden=\"true\" class=\"wp-block-spacer\"><\/div>\n\n\n\n<figure class=\"wp-block-gallery has-nested-images columns-default is-cropped wp-block-gallery-5 is-layout-flex wp-block-gallery-is-layout-flex\">\n<figure class=\"wp-block-image size-large\"><a href=\"https:\/\/nijar.org\/wp-content\/uploads\/2022\/04\/IMG_5003.jpg\"><img loading=\"lazy\" decoding=\"async\" width=\"1024\" height=\"768\" data-id=\"908\" src=\"https:\/\/nijar.org\/wp-content\/uploads\/2022\/04\/IMG_5003-1024x768.jpg\" alt=\"\" class=\"wp-image-908\" srcset=\"https:\/\/nijar.org\/wp-content\/uploads\/2022\/04\/IMG_5003-1024x768.jpg 1024w, https:\/\/nijar.org\/wp-content\/uploads\/2022\/04\/IMG_5003-600x450.jpg 600w, https:\/\/nijar.org\/wp-content\/uploads\/2022\/04\/IMG_5003-300x225.jpg 300w, https:\/\/nijar.org\/wp-content\/uploads\/2022\/04\/IMG_5003-768x576.jpg 768w, https:\/\/nijar.org\/wp-content\/uploads\/2022\/04\/IMG_5003.jpg 1334w\" sizes=\"(max-width: 1024px) 100vw, 1024px\" \/><\/a><\/figure>\n\n\n\n<figure class=\"wp-block-image size-large\"><a href=\"https:\/\/nijar.org\/wp-content\/uploads\/2022\/04\/IMG_5004.jpg\"><img loading=\"lazy\" decoding=\"async\" width=\"1024\" height=\"768\" data-id=\"909\" src=\"https:\/\/nijar.org\/wp-content\/uploads\/2022\/04\/IMG_5004-1024x768.jpg\" alt=\"\" class=\"wp-image-909\" srcset=\"https:\/\/nijar.org\/wp-content\/uploads\/2022\/04\/IMG_5004-1024x768.jpg 1024w, https:\/\/nijar.org\/wp-content\/uploads\/2022\/04\/IMG_5004-600x450.jpg 600w, https:\/\/nijar.org\/wp-content\/uploads\/2022\/04\/IMG_5004-300x225.jpg 300w, https:\/\/nijar.org\/wp-content\/uploads\/2022\/04\/IMG_5004-768x576.jpg 768w, https:\/\/nijar.org\/wp-content\/uploads\/2022\/04\/IMG_5004-1536x1152.jpg 1536w, https:\/\/nijar.org\/wp-content\/uploads\/2022\/04\/IMG_5004.jpg 2000w\" sizes=\"(max-width: 1024px) 100vw, 1024px\" \/><\/a><\/figure>\n<\/figure>\n\n\n\n<figure class=\"wp-block-image size-large\"><a href=\"https:\/\/nijar.org\/wp-content\/uploads\/2022\/04\/IMG_5001.jpg\"><img loading=\"lazy\" decoding=\"async\" width=\"1024\" height=\"769\" src=\"https:\/\/nijar.org\/wp-content\/uploads\/2022\/04\/IMG_5001-1024x769.jpg\" alt=\"\" class=\"wp-image-910\" srcset=\"https:\/\/nijar.org\/wp-content\/uploads\/2022\/04\/IMG_5001-1024x769.jpg 1024w, https:\/\/nijar.org\/wp-content\/uploads\/2022\/04\/IMG_5001-600x451.jpg 600w, https:\/\/nijar.org\/wp-content\/uploads\/2022\/04\/IMG_5001-300x225.jpg 300w, https:\/\/nijar.org\/wp-content\/uploads\/2022\/04\/IMG_5001-768x577.jpg 768w, https:\/\/nijar.org\/wp-content\/uploads\/2022\/04\/IMG_5001.jpg 1200w\" sizes=\"(max-width: 1024px) 100vw, 1024px\" \/><\/a><\/figure>","protected":false},"excerpt":{"rendered":"<p>Marzo \u00e8 passato in un batter d'occhio. In diesem Monat haben wir verschiedene Temperaturen erlebt, und wir haben alle Temperaturschwankungen mitgemacht. Der M\u00e4rz hat mit einem ruhigen und entspannten Tag begonnen, gefolgt von einem kleinen Spaziergang. Fin qui niente di speciale. Poi, a met\u00e0 mese, siamo stati sopraffatti da \"la Calima\" (una parola spagnola che tradotta significa \"la...<\/p>","protected":false},"author":8,"featured_media":912,"comment_status":"open","ping_status":"open","sticky":false,"template":"","format":"standard","meta":{"_kad_post_transparent":"","_kad_post_title":"","_kad_post_layout":"","_kad_post_sidebar_id":"","_kad_post_content_style":"","_kad_post_vertical_padding":"","_kad_post_feature":"","_kad_post_feature_position":"","_kad_post_header":false,"_kad_post_footer":false,"_kad_post_classname":"","footnotes":""},"categories":[12],"tags":[],"class_list":["post-915","post","type-post","status-publish","format-standard","has-post-thumbnail","hentry","category-diario-del-mese"],"aioseo_notices":[],"_links":{"self":[{"href":"https:\/\/nijar.org\/de\/wp-json\/wp\/v2\/posts\/915","targetHints":{"allow":["GET"]}}],"collection":[{"href":"https:\/\/nijar.org\/de\/wp-json\/wp\/v2\/posts"}],"about":[{"href":"https:\/\/nijar.org\/de\/wp-json\/wp\/v2\/types\/post"}],"author":[{"embeddable":true,"href":"https:\/\/nijar.org\/de\/wp-json\/wp\/v2\/users\/8"}],"replies":[{"embeddable":true,"href":"https:\/\/nijar.org\/de\/wp-json\/wp\/v2\/comments?post=915"}],"version-history":[{"count":0,"href":"https:\/\/nijar.org\/de\/wp-json\/wp\/v2\/posts\/915\/revisions"}],"wp:featuredmedia":[{"embeddable":true,"href":"https:\/\/nijar.org\/de\/wp-json\/wp\/v2\/media\/912"}],"wp:attachment":[{"href":"https:\/\/nijar.org\/de\/wp-json\/wp\/v2\/media?parent=915"}],"wp:term":[{"taxonomy":"category","embeddable":true,"href":"https:\/\/nijar.org\/de\/wp-json\/wp\/v2\/categories?post=915"},{"taxonomy":"post_tag","embeddable":true,"href":"https:\/\/nijar.org\/de\/wp-json\/wp\/v2\/tags?post=915"}],"curies":[{"name":"wp","href":"https:\/\/api.w.org\/{rel}","templated":true}]}}