{"id":847,"date":"2022-03-02T21:46:06","date_gmt":"2022-03-02T20:46:06","guid":{"rendered":"https:\/\/nijar.org\/?p=847"},"modified":"2022-12-24T09:58:42","modified_gmt":"2022-12-24T08:58:42","slug":"journal-marz-2022","status":"publish","type":"post","link":"https:\/\/nijar.org\/de\/journal-marz-2022","title":{"rendered":"Zeitschrift M\u00e4rz 2022"},"content":{"rendered":"<p><strong>Triade des Seins<\/strong><\/p>\n\n\n\n<p>Letztes Mal haben wir Sie \u00fcber die Triade des Seins informiert, die von Yogin\u00e2m anl\u00e4sslich seines 75. Geburtstags als Symbol f\u00fcr N\u00e2m entworfen und dem Asharum geschenkt wurde. Die Triade des Seins hat sowohl f\u00fcr uns als auch f\u00fcr die Besucher des Asharum einen besonderen Platz und eine besondere Bedeutung im Garten, da sie ein zentraler Punkt auf dem Meditationsweg ist. Dar\u00fcber hinaus dient die Triade des Seins als st\u00e4ndige Orientierung bei der t\u00e4glichen Arbeit im Garten als st\u00e4ndige Erinnerung an den wahren Grund, warum wir hier leben. <\/p>\n\n\n\n<p>Die Triade des Seins symbolisiert die menschliche Natur, indem sie eine tiefe Erkenntnis in der einfachsten aller Formen darstellt. Daher erzeugt die Erfahrung des Auf- und Abstiegs in der Triade des Seins einen ganz besonderen Impuls, der schwer zu erkl\u00e4ren ist. <\/p>\n\n\n\n<p>Yogin\u00e2m hat einen Text geschrieben, der speziell der Triade des Seins gewidmet ist. Wenn Sie an der tieferen Bedeutung hinter der Triade des Seins interessiert sind, k\u00f6nnen Sie diesen Text herunterladen <a href=\"https:\/\/livingnam.org\/wp-content\/uploads\/2022\/03\/20220301-The-Triad-of-Being.pdf\" target=\"_blank\" rel=\"noreferrer noopener\">hier<\/a>.<\/p>\n\n\n\n<div style=\"height:50px\" aria-hidden=\"true\" class=\"wp-block-spacer\"><\/div>\n\n\n\n<figure class=\"wp-block-gallery has-nested-images columns-default is-cropped wp-block-gallery-1 is-layout-flex wp-block-gallery-is-layout-flex\">\n<figure class=\"wp-block-image size-large\"><a href=\"https:\/\/nijar.org\/wp-content\/uploads\/2022\/03\/1.jpg\"><img fetchpriority=\"high\" decoding=\"async\" width=\"829\" height=\"1024\" data-id=\"848\" src=\"https:\/\/nijar.org\/wp-content\/uploads\/2022\/03\/1-829x1024.jpg\" alt=\"\" class=\"wp-image-848\" srcset=\"https:\/\/nijar.org\/wp-content\/uploads\/2022\/03\/1-829x1024.jpg 829w, https:\/\/nijar.org\/wp-content\/uploads\/2022\/03\/1-600x741.jpg 600w, https:\/\/nijar.org\/wp-content\/uploads\/2022\/03\/1-243x300.jpg 243w, https:\/\/nijar.org\/wp-content\/uploads\/2022\/03\/1-768x948.jpg 768w, https:\/\/nijar.org\/wp-content\/uploads\/2022\/03\/1.jpg 1000w\" sizes=\"(max-width: 829px) 100vw, 829px\" \/><\/a><\/figure>\n\n\n\n<figure class=\"wp-block-image size-large\"><a href=\"https:\/\/nijar.org\/wp-content\/uploads\/2022\/03\/3.jpg\"><img decoding=\"async\" width=\"683\" height=\"1024\" data-id=\"850\" src=\"https:\/\/nijar.org\/wp-content\/uploads\/2022\/03\/3-683x1024.jpg\" alt=\"\" class=\"wp-image-850\" srcset=\"https:\/\/nijar.org\/wp-content\/uploads\/2022\/03\/3-683x1024.jpg 683w, https:\/\/nijar.org\/wp-content\/uploads\/2022\/03\/3-600x900.jpg 600w, https:\/\/nijar.org\/wp-content\/uploads\/2022\/03\/3-200x300.jpg 200w, https:\/\/nijar.org\/wp-content\/uploads\/2022\/03\/3-768x1152.jpg 768w, https:\/\/nijar.org\/wp-content\/uploads\/2022\/03\/3.jpg 1000w\" sizes=\"(max-width: 683px) 100vw, 683px\" \/><\/a><\/figure>\n<\/figure>\n\n\n\n<div style=\"height:50px\" aria-hidden=\"true\" class=\"wp-block-spacer\"><\/div>\n\n\n\n<p><strong>Februar: ein warmer Monat<\/strong><\/p>\n\n\n\n<p>Wir hatten einen sehr warmen Monat mit Temperaturen, die normalerweise im Mai herrschen, so dass es eine angenehme Zeit war, drau\u00dfen zu sein und im Garten zu arbeiten. Im letzten Monat hatten wir Besuch von Claudia und Igor, die uns in der K\u00fcche und im Garten sehr tatkr\u00e4ftig geholfen haben. Claudia hat Marmelade gemacht und einige unserer Oliven eingelegt, und Igor hat eine Menge Steine bewegt und Edwin bei den Mauern geholfen. Wir hatten auch einige Tagesbesucher: Alexander und Sana kamen vorbei, Rene und Yvette besuchten uns und wir trafen einige neue Freunde aus der Nachbarschaft: Jack und Helma. Sie waren sehr gro\u00dfz\u00fcgig und boten uns ihren Pferdemist an, um unseren Boden zu verbessern, und wir haben jetzt einen gro\u00dfen Haufen alten Pferdemist, den wir mit Stroh mischen und als Mulch in unserem Garten verwenden k\u00f6nnen. Andr\u00e9e erholt sich gut, ein Arm ist bereits vom Gips befreit, so dass sie jetzt mehr Dinge selbst\u00e4ndig erledigen kann. Inzwischen hat sie ihre Genesungszeit genutzt, um ihr Spanisch zu verbessern.<\/p>\n\n\n\n<div style=\"height:50px\" aria-hidden=\"true\" class=\"wp-block-spacer\"><\/div>\n\n\n\n<figure class=\"wp-block-gallery has-nested-images columns-default is-cropped wp-block-gallery-2 is-layout-flex wp-block-gallery-is-layout-flex\">\n<figure class=\"wp-block-image size-large\"><a href=\"https:\/\/nijar.org\/wp-content\/uploads\/2022\/03\/IMG_2153.jpg\"><img decoding=\"async\" width=\"1024\" height=\"768\" data-id=\"855\" src=\"https:\/\/nijar.org\/wp-content\/uploads\/2022\/03\/IMG_2153-1024x768.jpg\" alt=\"\" class=\"wp-image-855\" srcset=\"https:\/\/nijar.org\/wp-content\/uploads\/2022\/03\/IMG_2153-1024x768.jpg 1024w, https:\/\/nijar.org\/wp-content\/uploads\/2022\/03\/IMG_2153-600x450.jpg 600w, https:\/\/nijar.org\/wp-content\/uploads\/2022\/03\/IMG_2153-300x225.jpg 300w, https:\/\/nijar.org\/wp-content\/uploads\/2022\/03\/IMG_2153-768x576.jpg 768w, https:\/\/nijar.org\/wp-content\/uploads\/2022\/03\/IMG_2153.jpg 1335w\" sizes=\"(max-width: 1024px) 100vw, 1024px\" \/><\/a><\/figure>\n<\/figure>\n\n\n\n<div style=\"height:50px\" aria-hidden=\"true\" class=\"wp-block-spacer\"><\/div>\n\n\n\n<p><strong>Der Garten der Asharum Nijar: Zur\u00fcck zu den Urspr\u00fcngen<\/strong><\/p>\n\n\n\n<p>Es gab einige Neuzug\u00e4nge im Garten, darunter einige einheimische B\u00e4ume wie Granat\u00e4pfel, Mandeln, Mastixb\u00e4ume und einige Str\u00e4ucher wie Myrte, Sanddorn und eine Art Ginster (Cytisus maderensis). Au\u00dferdem haben wir ein Erdbeerfeld angelegt, das uns einen leckeren Sommersnack bescheren soll. Mit diesen Neuzug\u00e4ngen f\u00fcllt sich der Garten mehr und mehr. Der erste Versuch in diesem Jahr, Gr\u00fcnd\u00fcnger (wie Klee, Borretsch und Lupine) zu s\u00e4en, hat noch keine neuen Pflanzen hervorgebracht. Es war sehr trocken (es hat fast nicht geregnet) und der Boden wird sehr hart, so dass die Samen unter diesen Bedingungen nur schwer keimen k\u00f6nnen. An einigen Stellen, an denen wir den Boden mit zus\u00e4tzlicher Blumenerde angereichert haben, sprie\u00dfen sie bereits. In den n\u00e4chsten Wochen werden wir versuchen, mehr verschiedene Sorten auszus\u00e4en, und mit etwas mehr Sorgfalt und vielleicht etwas Regen hoffen wir, mehr Erfolg zu haben. <\/p>\n\n\n\n<p>Wir haben ein Gew\u00e4chshaus oder eine Winterg\u00e4rtnerei gebaut, damit wir Setzlinge anbauen k\u00f6nnen, solange das Wetter drau\u00dfen noch nicht so gut ist. Martin hat die meiste Arbeit beim Bau des Gew\u00e4chshauses geleistet, und als es fertig war, stellten wir bald fest, dass es unbedingt bel\u00fcftet werden muss, da es sich in der mediterranen Sonne ziemlich schnell aufheizt. Letztes Wochenende hat Martin zwei sch\u00f6ne Schiebefenster am hinteren Ende des Gew\u00e4chshauses gemacht. Diese Woche werden wir herausfinden, wie wir die Temperatur im Gew\u00e4chshaus regulieren k\u00f6nnen, und dann k\u00f6nnen wir mit der Aussaat einiger Sommerpflanzen wie Wassermelone, Tomate, K\u00fcrbis und Mais beginnen.<\/p>\n\n\n\n<div style=\"height:50px\" aria-hidden=\"true\" class=\"wp-block-spacer\"><\/div>\n\n\n\n<figure class=\"wp-block-gallery has-nested-images columns-default is-cropped wp-block-gallery-3 is-layout-flex wp-block-gallery-is-layout-flex\">\n<figure class=\"wp-block-image size-large\"><a href=\"https:\/\/nijar.org\/wp-content\/uploads\/2022\/03\/IMG_1010.jpg\"><img loading=\"lazy\" decoding=\"async\" width=\"769\" height=\"1024\" data-id=\"854\" src=\"https:\/\/nijar.org\/wp-content\/uploads\/2022\/03\/IMG_1010-769x1024.jpg\" alt=\"\" class=\"wp-image-854\" srcset=\"https:\/\/nijar.org\/wp-content\/uploads\/2022\/03\/IMG_1010-769x1024.jpg 769w, https:\/\/nijar.org\/wp-content\/uploads\/2022\/03\/IMG_1010-600x799.jpg 600w, https:\/\/nijar.org\/wp-content\/uploads\/2022\/03\/IMG_1010-225x300.jpg 225w, https:\/\/nijar.org\/wp-content\/uploads\/2022\/03\/IMG_1010-768x1022.jpg 768w, https:\/\/nijar.org\/wp-content\/uploads\/2022\/03\/IMG_1010.jpg 1127w\" sizes=\"(max-width: 769px) 100vw, 769px\" \/><\/a><\/figure>\n\n\n\n<figure class=\"wp-block-image size-large\"><a href=\"https:\/\/nijar.org\/wp-content\/uploads\/2022\/03\/IMG_6918.jpg\"><img loading=\"lazy\" decoding=\"async\" width=\"1024\" height=\"768\" data-id=\"857\" src=\"https:\/\/nijar.org\/wp-content\/uploads\/2022\/03\/IMG_6918-1024x768.jpg\" alt=\"\" class=\"wp-image-857\" srcset=\"https:\/\/nijar.org\/wp-content\/uploads\/2022\/03\/IMG_6918-1024x768.jpg 1024w, https:\/\/nijar.org\/wp-content\/uploads\/2022\/03\/IMG_6918-600x450.jpg 600w, https:\/\/nijar.org\/wp-content\/uploads\/2022\/03\/IMG_6918-300x225.jpg 300w, https:\/\/nijar.org\/wp-content\/uploads\/2022\/03\/IMG_6918-768x576.jpg 768w, https:\/\/nijar.org\/wp-content\/uploads\/2022\/03\/IMG_6918.jpg 1334w\" sizes=\"(max-width: 1024px) 100vw, 1024px\" \/><\/a><\/figure>\n<\/figure>\n\n\n\n<figure class=\"wp-block-image size-large\"><a href=\"https:\/\/nijar.org\/wp-content\/uploads\/2022\/03\/IMG_4403.jpg\"><img loading=\"lazy\" decoding=\"async\" width=\"1024\" height=\"768\" src=\"https:\/\/nijar.org\/wp-content\/uploads\/2022\/03\/IMG_4403-1024x768.jpg\" alt=\"\" class=\"wp-image-856\" srcset=\"https:\/\/nijar.org\/wp-content\/uploads\/2022\/03\/IMG_4403-1024x768.jpg 1024w, https:\/\/nijar.org\/wp-content\/uploads\/2022\/03\/IMG_4403-600x450.jpg 600w, https:\/\/nijar.org\/wp-content\/uploads\/2022\/03\/IMG_4403-300x225.jpg 300w, https:\/\/nijar.org\/wp-content\/uploads\/2022\/03\/IMG_4403-768x576.jpg 768w, https:\/\/nijar.org\/wp-content\/uploads\/2022\/03\/IMG_4403.jpg 1334w\" sizes=\"(max-width: 1024px) 100vw, 1024px\" \/><\/a><\/figure>\n\n\n\n<div style=\"height:50px\" aria-hidden=\"true\" class=\"wp-block-spacer\"><\/div>\n\n\n\n<p><strong>Aufbau und Verbesserung<\/strong><\/p>\n\n\n\n<p>Neben der K\u00fcche wird eine neue Terrasse gebaut. Am Ende der bestehenden Terrasse wurde eine neue Mauer errichtet, hinter der die neue Terrasse voll in der Sonne liegt und gleichzeitig vor der Hauptwindrichtung gesch\u00fctzt ist. Es ist auch ein Ort, an dem wir sitzen k\u00f6nnen, ohne von der \u00f6ffentlichen Stra\u00dfe aus gesehen zu werden, so dass wir etwas mehr Privatsph\u00e4re haben, und es ist ein perfekter Ort, um unsere W\u00e4sche zu trocknen. Bisher haben sich die W\u00e4schest\u00e4nder in der Wohnung bewegt, und bei pl\u00f6tzlichen Windst\u00f6\u00dfen ist es mehr als einmal vorgekommen, dass sie umgefallen sind und die frisch gewaschene W\u00e4sche schmutzig wurde, bevor wir sie benutzen konnten. Es mag trivial klingen, aber die M\u00f6glichkeit, die W\u00e4sche von der Stra\u00dfe aus nicht sehen zu k\u00f6nnen, verbessert das allgemeine Erscheinungsbild unseres Asharums.<\/p>\n\n\n\n<div style=\"height:50px\" aria-hidden=\"true\" class=\"wp-block-spacer\"><\/div>\n\n\n\n<figure class=\"wp-block-gallery has-nested-images columns-default is-cropped wp-block-gallery-4 is-layout-flex wp-block-gallery-is-layout-flex\">\n<figure class=\"wp-block-image size-full\"><a href=\"https:\/\/nijar.org\/wp-content\/uploads\/2022\/03\/IMG_6947.jpg\"><img loading=\"lazy\" decoding=\"async\" width=\"1000\" height=\"750\" data-id=\"859\" src=\"https:\/\/nijar.org\/wp-content\/uploads\/2022\/03\/IMG_6947.jpg\" alt=\"\" class=\"wp-image-859\" srcset=\"https:\/\/nijar.org\/wp-content\/uploads\/2022\/03\/IMG_6947.jpg 1000w, https:\/\/nijar.org\/wp-content\/uploads\/2022\/03\/IMG_6947-600x450.jpg 600w, https:\/\/nijar.org\/wp-content\/uploads\/2022\/03\/IMG_6947-300x225.jpg 300w, https:\/\/nijar.org\/wp-content\/uploads\/2022\/03\/IMG_6947-768x576.jpg 768w\" sizes=\"(max-width: 1000px) 100vw, 1000px\" \/><\/a><\/figure>\n\n\n\n<figure class=\"wp-block-image size-large\"><a href=\"https:\/\/nijar.org\/wp-content\/uploads\/2022\/03\/garden-wall.jpg\"><img loading=\"lazy\" decoding=\"async\" width=\"1024\" height=\"591\" data-id=\"853\" src=\"https:\/\/nijar.org\/wp-content\/uploads\/2022\/03\/garden-wall-1024x591.jpg\" alt=\"\" class=\"wp-image-853\" srcset=\"https:\/\/nijar.org\/wp-content\/uploads\/2022\/03\/garden-wall-1024x591.jpg 1024w, https:\/\/nijar.org\/wp-content\/uploads\/2022\/03\/garden-wall-600x346.jpg 600w, https:\/\/nijar.org\/wp-content\/uploads\/2022\/03\/garden-wall-300x173.jpg 300w, https:\/\/nijar.org\/wp-content\/uploads\/2022\/03\/garden-wall-768x443.jpg 768w, https:\/\/nijar.org\/wp-content\/uploads\/2022\/03\/garden-wall.jpg 1253w\" sizes=\"(max-width: 1024px) 100vw, 1024px\" \/><\/a><\/figure>\n<\/figure>\n\n\n\n<figure class=\"wp-block-image size-large\"><a href=\"https:\/\/nijar.org\/wp-content\/uploads\/2022\/03\/IMG_6929.jpg\"><img loading=\"lazy\" decoding=\"async\" width=\"1024\" height=\"768\" src=\"https:\/\/nijar.org\/wp-content\/uploads\/2022\/03\/IMG_6929-1024x768.jpg\" alt=\"\" class=\"wp-image-858\" srcset=\"https:\/\/nijar.org\/wp-content\/uploads\/2022\/03\/IMG_6929-1024x768.jpg 1024w, https:\/\/nijar.org\/wp-content\/uploads\/2022\/03\/IMG_6929-600x450.jpg 600w, https:\/\/nijar.org\/wp-content\/uploads\/2022\/03\/IMG_6929-300x225.jpg 300w, https:\/\/nijar.org\/wp-content\/uploads\/2022\/03\/IMG_6929-768x576.jpg 768w, https:\/\/nijar.org\/wp-content\/uploads\/2022\/03\/IMG_6929.jpg 1334w\" sizes=\"(max-width: 1024px) 100vw, 1024px\" \/><\/a><\/figure>","protected":false},"excerpt":{"rendered":"<p>Triade des Seins Letztes Mal haben wir Sie \u00fcber die Triade des Seins informiert, die von Yogin\u00e2m anl\u00e4sslich seines 75. Geburtstags als Symbol f\u00fcr N\u00e2m entworfen und dem Asharum geschenkt wurde. Die Triade des Seins hat sowohl f\u00fcr uns als auch f\u00fcr die Besucher einen besonderen Platz und eine besondere Bedeutung im Garten...<\/p>","protected":false},"author":8,"featured_media":848,"comment_status":"open","ping_status":"open","sticky":false,"template":"","format":"standard","meta":{"_kad_post_transparent":"","_kad_post_title":"","_kad_post_layout":"","_kad_post_sidebar_id":"","_kad_post_content_style":"","_kad_post_vertical_padding":"","_kad_post_feature":"","_kad_post_feature_position":"","_kad_post_header":false,"_kad_post_footer":false,"_kad_post_classname":"","footnotes":""},"categories":[1],"tags":[],"class_list":["post-847","post","type-post","status-publish","format-standard","has-post-thumbnail","hentry","category-the-monthly-journal"],"aioseo_notices":[],"_links":{"self":[{"href":"https:\/\/nijar.org\/de\/wp-json\/wp\/v2\/posts\/847","targetHints":{"allow":["GET"]}}],"collection":[{"href":"https:\/\/nijar.org\/de\/wp-json\/wp\/v2\/posts"}],"about":[{"href":"https:\/\/nijar.org\/de\/wp-json\/wp\/v2\/types\/post"}],"author":[{"embeddable":true,"href":"https:\/\/nijar.org\/de\/wp-json\/wp\/v2\/users\/8"}],"replies":[{"embeddable":true,"href":"https:\/\/nijar.org\/de\/wp-json\/wp\/v2\/comments?post=847"}],"version-history":[{"count":0,"href":"https:\/\/nijar.org\/de\/wp-json\/wp\/v2\/posts\/847\/revisions"}],"wp:featuredmedia":[{"embeddable":true,"href":"https:\/\/nijar.org\/de\/wp-json\/wp\/v2\/media\/848"}],"wp:attachment":[{"href":"https:\/\/nijar.org\/de\/wp-json\/wp\/v2\/media?parent=847"}],"wp:term":[{"taxonomy":"category","embeddable":true,"href":"https:\/\/nijar.org\/de\/wp-json\/wp\/v2\/categories?post=847"},{"taxonomy":"post_tag","embeddable":true,"href":"https:\/\/nijar.org\/de\/wp-json\/wp\/v2\/tags?post=847"}],"curies":[{"name":"wp","href":"https:\/\/api.w.org\/{rel}","templated":true}]}}