{"id":1064,"date":"2022-08-03T22:41:55","date_gmt":"2022-08-03T21:41:55","guid":{"rendered":"https:\/\/nijar.org\/?p=1064"},"modified":"2022-12-24T09:59:33","modified_gmt":"2022-12-24T08:59:33","slug":"zeitschrift-august-2022","status":"publish","type":"post","link":"https:\/\/nijar.org\/de\/zeitschrift-august-2022","title":{"rendered":"Zeitschrift August 2022"},"content":{"rendered":"<p>Der Juli begann mit einer offiziellen Hitzewelle, aber auch nachdem die Hitzewelle vorbei war, blieb das Wetter den ganzen Monat \u00fcber gleich. F\u00fcr diejenigen, die morgens gerne fr\u00fch aufstehen, sind die Stunden zwischen 6 und 10 Uhr angenehm f\u00fcr die Arbeit im Freien. Danach hei\u00dft es, bis 20 Uhr Schatten zu suchen, viel Wasser zu trinken und Augen und Haut zu sch\u00fctzen. Die wenigen Stunden Tageslicht, die vor dem Sonnenuntergang verbleiben, eignen sich hervorragend, um die Pflanzen und B\u00e4ume zu gie\u00dfen und zu pflegen oder, wie Yogin\u00e2m es gerne tut, eine Tasse Tee im Pavillon zu trinken.<\/p>\n\n\n\n<div style=\"height:50px\" aria-hidden=\"true\" class=\"wp-block-spacer\"><\/div>\n\n\n\n<figure class=\"wp-block-image size-large\"><a href=\"https:\/\/nijar.org\/wp-content\/uploads\/2022\/08\/Visitor-from-the-area-in-the-garden-looking-for-a-sunny-spot.jpg\"><img fetchpriority=\"high\" decoding=\"async\" width=\"1024\" height=\"768\" src=\"https:\/\/nijar.org\/wp-content\/uploads\/2022\/08\/Visitor-from-the-area-in-the-garden-looking-for-a-sunny-spot-1024x768.jpg\" alt=\"\" class=\"wp-image-1076\" srcset=\"https:\/\/nijar.org\/wp-content\/uploads\/2022\/08\/Visitor-from-the-area-in-the-garden-looking-for-a-sunny-spot-1024x768.jpg 1024w, https:\/\/nijar.org\/wp-content\/uploads\/2022\/08\/Visitor-from-the-area-in-the-garden-looking-for-a-sunny-spot-600x450.jpg 600w, https:\/\/nijar.org\/wp-content\/uploads\/2022\/08\/Visitor-from-the-area-in-the-garden-looking-for-a-sunny-spot-300x225.jpg 300w, https:\/\/nijar.org\/wp-content\/uploads\/2022\/08\/Visitor-from-the-area-in-the-garden-looking-for-a-sunny-spot-768x576.jpg 768w, https:\/\/nijar.org\/wp-content\/uploads\/2022\/08\/Visitor-from-the-area-in-the-garden-looking-for-a-sunny-spot.jpg 1300w\" sizes=\"(max-width: 1024px) 100vw, 1024px\" \/><\/a><figcaption>Einheimischer Besucher auf der Suche nach einem sonnigen Pl\u00e4tzchen<\/figcaption><\/figure>\n\n\n\n<div style=\"height:50px\" aria-hidden=\"true\" class=\"wp-block-spacer\"><\/div>\n\n\n\n<p>Nur wenige G\u00e4ste haben uns in den letzten Wochen besucht. Edwins Sohn Rowin und ein Freund von ihm konnten Edwins Wohnmobil (seinen Van) f\u00fcr ihren Urlaub in Portugal nutzen und sie blieben die Nacht der Ankunft und vor der Abreise und genossen die Ruhe und ein gutes Bett. Rowin war schon einmal hier und hat uns versprochen, im Herbst f\u00fcr eine Woche wiederzukommen, nicht nur, um seinen Vater zu sehen, sondern auch, weil er unser Haus wirklich mag und unsere Atmosph\u00e4re genie\u00dft. Hilde blieb eine Woche bei uns und es schien ihr leicht zu fallen, ihren Rhythmus im Asharum zu finden, in v\u00f6lliger Harmonie mit allen und allem. Diese Woche erwarten wir einen neuen Gast, der eine Besinnungswoche in Amonines verbracht hat, die sie dazu inspiriert hat, mehr in der Gegenwart des Yogin\u00e2m in N\u00edjar zu lernen und zu erfahren. Wir sind wahrscheinlich genauso gespannt wie sie, um die optimale Erfahrung f\u00fcr alle Beteiligten zu finden. Auch L\u00e9on plant wieder einen Besuch in Yogin\u00e2m um die Monatswende zum August.<\/p>\n\n\n\n<div style=\"height:50px\" aria-hidden=\"true\" class=\"wp-block-spacer\"><\/div>\n\n\n\n<h2 class=\"wp-block-heading\"><strong><strong>Der Garten der Asharum Nijar: Zur\u00fcck zu den Urspr\u00fcngen<\/strong><\/strong><\/h2>\n\n\n\n<p>Im Garten sind wir zu einem neuen Bew\u00e4sserungsregime \u00fcbergegangen; auf Anraten von Chris versuchen wir, zweimal pro Woche mindestens 4 Stunden lang mit dem Bew\u00e4sserungssystem zu bew\u00e4ssern. Auf diese Weise gelangt das Wasser in tiefere Schichten und die oberste Schicht darf ein wenig austrocknen, so dass die Pflanzen angeregt werden, tiefere Wurzelsysteme zu bilden, was sie widerstandsf\u00e4higer macht und die Bodenstruktur im Allgemeinen verbessert. Nat\u00fcrlich brauchen der Gem\u00fcsegarten und einige andere Pflanzen mehr Wasser, so dass wir uns jeden Abend um die Pflanzen k\u00fcmmern, die h\u00e4ufiger gew\u00e4ssert werden m\u00fcssen. Wir versuchen jedoch zu vermeiden, die Pflanzen jeden Tag zu gie\u00dfen, da sie sonst 'faul' werden, ein oberfl\u00e4chliches Wurzelsystem haben und generell anf\u00e4lliger sind. Auch die \u00e4lteren B\u00e4ume, die an die \u00dcberflutung durch das alte offene Kanalsystem gew\u00f6hnt waren, brauchen zus\u00e4tzliche Bew\u00e4sserung, da das Bew\u00e4sserungssystem das Wasser nur um ihre Basis herum f\u00fchrt und die Wurzeln sich weiter ausgebreitet haben.<\/p>\n\n\n\n<div style=\"height:50px\" aria-hidden=\"true\" class=\"wp-block-spacer\"><\/div>\n\n\n\n<figure class=\"wp-block-gallery has-nested-images columns-default is-cropped wp-block-gallery-1 is-layout-flex wp-block-gallery-is-layout-flex\">\n<figure class=\"wp-block-image size-large\"><a href=\"https:\/\/nijar.org\/wp-content\/uploads\/2022\/08\/Lemon-tree-with-surprise-pumpkins-rotated.jpg\"><img decoding=\"async\" width=\"768\" height=\"1024\" data-id=\"1069\" src=\"https:\/\/nijar.org\/wp-content\/uploads\/2022\/08\/Lemon-tree-with-surprise-pumpkins-768x1024.jpg\" alt=\"\" class=\"wp-image-1069\" srcset=\"https:\/\/nijar.org\/wp-content\/uploads\/2022\/08\/Lemon-tree-with-surprise-pumpkins-768x1024.jpg 768w, https:\/\/nijar.org\/wp-content\/uploads\/2022\/08\/Lemon-tree-with-surprise-pumpkins-rotated-600x800.jpg 600w, https:\/\/nijar.org\/wp-content\/uploads\/2022\/08\/Lemon-tree-with-surprise-pumpkins-225x300.jpg 225w, https:\/\/nijar.org\/wp-content\/uploads\/2022\/08\/Lemon-tree-with-surprise-pumpkins-rotated.jpg 975w\" sizes=\"(max-width: 768px) 100vw, 768px\" \/><\/a><figcaption>Zitronenbaum mit \u00dcberraschungsk\u00fcrbissen<\/figcaption><\/figure>\n\n\n\n<figure class=\"wp-block-image size-large\"><a href=\"https:\/\/nijar.org\/wp-content\/uploads\/2022\/08\/Covered-composting-pile.jpg\"><img decoding=\"async\" width=\"1024\" height=\"768\" data-id=\"1067\" src=\"https:\/\/nijar.org\/wp-content\/uploads\/2022\/08\/Covered-composting-pile-1024x768.jpg\" alt=\"\" class=\"wp-image-1067\" srcset=\"https:\/\/nijar.org\/wp-content\/uploads\/2022\/08\/Covered-composting-pile-1024x768.jpg 1024w, https:\/\/nijar.org\/wp-content\/uploads\/2022\/08\/Covered-composting-pile-600x450.jpg 600w, https:\/\/nijar.org\/wp-content\/uploads\/2022\/08\/Covered-composting-pile-300x225.jpg 300w, https:\/\/nijar.org\/wp-content\/uploads\/2022\/08\/Covered-composting-pile-768x576.jpg 768w, https:\/\/nijar.org\/wp-content\/uploads\/2022\/08\/Covered-composting-pile.jpg 1300w\" sizes=\"(max-width: 1024px) 100vw, 1024px\" \/><\/a><figcaption>Abgedeckter Kompostierhaufen<\/figcaption><\/figure>\n<\/figure>\n\n\n\n<figure class=\"wp-block-gallery has-nested-images columns-default is-cropped wp-block-gallery-2 is-layout-flex wp-block-gallery-is-layout-flex\">\n<figure class=\"wp-block-image size-large\"><a href=\"https:\/\/nijar.org\/wp-content\/uploads\/2022\/08\/Lagerstroemia-indica-flowering-.jpg\"><img loading=\"lazy\" decoding=\"async\" width=\"768\" height=\"1024\" data-id=\"1068\" src=\"https:\/\/nijar.org\/wp-content\/uploads\/2022\/08\/Lagerstroemia-indica-flowering--768x1024.jpg\" alt=\"\" class=\"wp-image-1068\" srcset=\"https:\/\/nijar.org\/wp-content\/uploads\/2022\/08\/Lagerstroemia-indica-flowering--768x1024.jpg 768w, https:\/\/nijar.org\/wp-content\/uploads\/2022\/08\/Lagerstroemia-indica-flowering--600x800.jpg 600w, https:\/\/nijar.org\/wp-content\/uploads\/2022\/08\/Lagerstroemia-indica-flowering--225x300.jpg 225w, https:\/\/nijar.org\/wp-content\/uploads\/2022\/08\/Lagerstroemia-indica-flowering--1152x1536.jpg 1152w, https:\/\/nijar.org\/wp-content\/uploads\/2022\/08\/Lagerstroemia-indica-flowering-.jpg 1300w\" sizes=\"(max-width: 768px) 100vw, 768px\" \/><\/a><figcaption>Lagerstroemia indica bl\u00fchend<\/figcaption><\/figure>\n\n\n\n<figure class=\"wp-block-image size-large\"><a href=\"https:\/\/nijar.org\/wp-content\/uploads\/2022\/08\/Blossoming-Lagerstroemia-indica-indische-sering-and-Cabo-da-Gata-view-rotated.jpg\"><img loading=\"lazy\" decoding=\"async\" width=\"768\" height=\"1024\" data-id=\"1066\" src=\"https:\/\/nijar.org\/wp-content\/uploads\/2022\/08\/Blossoming-Lagerstroemia-indica-indische-sering-and-Cabo-da-Gata-view-768x1024.jpg\" alt=\"\" class=\"wp-image-1066\" srcset=\"https:\/\/nijar.org\/wp-content\/uploads\/2022\/08\/Blossoming-Lagerstroemia-indica-indische-sering-and-Cabo-da-Gata-view-768x1024.jpg 768w, https:\/\/nijar.org\/wp-content\/uploads\/2022\/08\/Blossoming-Lagerstroemia-indica-indische-sering-and-Cabo-da-Gata-view-rotated-600x800.jpg 600w, https:\/\/nijar.org\/wp-content\/uploads\/2022\/08\/Blossoming-Lagerstroemia-indica-indische-sering-and-Cabo-da-Gata-view-225x300.jpg 225w, https:\/\/nijar.org\/wp-content\/uploads\/2022\/08\/Blossoming-Lagerstroemia-indica-indische-sering-and-Cabo-da-Gata-view-rotated.jpg 975w\" sizes=\"(max-width: 768px) 100vw, 768px\" \/><\/a><figcaption>Bl\u00fchende Lagerstroemia indica indische sering und Blick auf Cabo da Gata<\/figcaption><\/figure>\n<\/figure>\n\n\n\n<div style=\"height:50px\" aria-hidden=\"true\" class=\"wp-block-spacer\"><\/div>\n\n\n\n<p>W\u00e4hrend der Sommerhitze versuchen wir, mehr Kompost zu erzeugen, der uns bei unseren Versuchen zur Nahrungsmittelproduktion im Herbst helfen wird. Ohne viel frisches Gras und anderes Schnittgut und die hohe Verdunstungsrate ist es schwierig, das richtige Gleichgewicht (Wasser\/Luft\/Stickstoff\/Kohlenstoff) im Komposthaufen zu finden, um eine optimale Zersetzung in unserem Komposthaufen unter den Lorbeerb\u00e4umen zu erreichen, und wir experimentieren an mehreren Stellen mit Haufen, die mit Plastik abgedeckt sind. Au\u00dferdem verwenden wir Hefe als Starthilfe f\u00fcr den Kompostierungsprozess, indem wir Trockenhefe mit Melasse, Wasser, frischem Gras und getrocknetem Pferdemist vormischen.<\/p>\n\n\n\n<p>Gleichzeitig versuchen wir, vertrocknete Gr\u00e4ser und invasive Pflanzen rund um die B\u00e4ume und andere Gew\u00e4chse zu entfernen, um das allgemeine Erscheinungsbild des Gartens aufrechtzuerhalten und nicht zu \u00fcberladen. Letztes Jahr hatten wir die K\u00fcrbis\u00fcberraschung in der Bananengrube, die uns dazu inspirierte, dieses Jahr mehr davon zu pflanzen. Jetzt stellen wir fest, dass weitere \u00dcberraschungsk\u00fcrbisse gekeimt sind und um mehrere B\u00e4ume herum wachsen. Zun\u00e4chst herrschte Verwirrung, da wir alle dachten, einer von uns h\u00e4tte sie absichtlich dort hingesetzt, aber nach sorgf\u00e4ltiger Untersuchung hat keiner von uns so etwas getan. Es wird nun vermutet, dass bei der Behandlung der Palmen und der B\u00e4ume, die nicht in einem optimalen Zustand zu sein schienen, der von uns verwendete Kompost einige K\u00fcrbiskerne enthielt. Das bedeutet, dass er nicht vollst\u00e4ndig zersetzt war, was nicht gut ist, da dieses Material eigentlich Stickstoff aus dem umgebenden Boden ben\u00f6tigt, um vollst\u00e4ndig zu zersetzen. Trotzdem sehen die behandelten B\u00e4ume jetzt besser aus und sind von sch\u00f6nen gr\u00fcnen Teppichen um ihre Basis herum begleitet. Das h\u00e4lt die Wurzeln feucht und k\u00fchl.<\/p>\n\n\n\n<div style=\"height:50px\" aria-hidden=\"true\" class=\"wp-block-spacer\"><\/div>\n\n\n\n<figure class=\"wp-block-image size-large is-resized\"><a href=\"https:\/\/nijar.org\/wp-content\/uploads\/2022\/08\/Newly-planted-cacti-next-to-the-pavilion-rotated.jpg\"><img loading=\"lazy\" decoding=\"async\" src=\"https:\/\/nijar.org\/wp-content\/uploads\/2022\/08\/Newly-planted-cacti-next-to-the-pavilion-768x1024.jpg\" alt=\"\" class=\"wp-image-1072\" width=\"730\" height=\"973\" srcset=\"https:\/\/nijar.org\/wp-content\/uploads\/2022\/08\/Newly-planted-cacti-next-to-the-pavilion-768x1024.jpg 768w, https:\/\/nijar.org\/wp-content\/uploads\/2022\/08\/Newly-planted-cacti-next-to-the-pavilion-rotated-600x800.jpg 600w, https:\/\/nijar.org\/wp-content\/uploads\/2022\/08\/Newly-planted-cacti-next-to-the-pavilion-225x300.jpg 225w, https:\/\/nijar.org\/wp-content\/uploads\/2022\/08\/Newly-planted-cacti-next-to-the-pavilion-rotated.jpg 975w\" sizes=\"(max-width: 730px) 100vw, 730px\" \/><\/a><figcaption>Neu gepflanzte Kakteen neben dem Pavillon<\/figcaption><\/figure>\n\n\n\n<div style=\"height:50px\" aria-hidden=\"true\" class=\"wp-block-spacer\"><\/div>\n\n\n\n<p>Von den G\u00e4rten in Salobre\u00f1a wurden uns Kakteenstecklinge angeboten, die zu gro\u00df waren, um in den dortigen G\u00e4rten zu \u00fcberleben. Edwin und Tim machten sich auf den Weg nach Calamedina, um etwa 40 Stecklinge zu holen, die zwischen 30 und 120 cm lang und 10 bis 20 cm dick waren. An einem Abend pflanzten wir alle gemeinsam die Stecklinge an verschiedenen Stellen ein, die uns Yogin\u00e2m gezeigt hatte. Da Kaktusstecklinge dieser Gr\u00f6\u00dfe schwieriger zu bewurzeln sind, vor allem wenn sie in der prallen Sonne stehen, hoffen wir, dass sie \u00fcberleben und unseren Garten mit ihrer stattlichen Pracht bereichern werden.<\/p>\n\n\n\n<div style=\"height:50px\" aria-hidden=\"true\" class=\"wp-block-spacer\"><\/div>\n\n\n\n<div style=\"height:36px\" aria-hidden=\"true\" class=\"wp-block-spacer\"><\/div>\n\n\n\n<h2 class=\"wp-block-heading\"><strong><strong>Mehr bauen und verbessern<\/strong><\/strong><\/h2>\n\n\n\n<p>Die Arbeiter sind in diesen Monaten unerm\u00fcdlich am Bauen, und die neue K\u00fcche und die beiden neuen Zimmer wurden wei\u00df verputzt, so dass unsere Renovierungsarbeiten vom Dorf aus \u00fcber die Schlucht hinweg sichtbar sind, die das Viertel 'El Cerrillo' vom Dorf N\u00edjar trennt. (Die Schlucht hei\u00dft auf Spanisch 'rambla' und bezeichnet einen Ort, an dem das Wasser nach gelegentlichen Regenf\u00e4llen in einem m\u00f6glicherweise rei\u00dfenden Strom abflie\u00dft. Diese 'ramblas' sind in ganz Spanien zu finden und bleiben die meiste Zeit des Jahres trocken, aber wenn es geregnet hat, kann es sehr gef\u00e4hrlich werden, sie zu \u00fcberqueren) Die Zimmer sind mit T\u00fcren versehen worden und wir k\u00f6nnen schon sehen, wie das Zimmer aussehen wird, wenn es fertig ist. Wir sind bereits dabei, die Einrichtung des Zimmers vorzubereiten, indem wir das Bett und einen Schreibtisch bestellen.<\/p>\n\n\n\n<p>Es wurde ein sch\u00f6ner runder Vorbau geschaffen, der die Mauer, die die Terrasse vor der neuen K\u00fcche in zwei Teile trennt, mit dem K\u00fcchengeb\u00e4ude verbindet. Diese Mauer sorgt daf\u00fcr, dass es immer einen Platz gibt, der von der Stra\u00dfe aus nicht zu sehr sichtbar ist, und schafft einen gesch\u00fctzten Platz vor der Hauptwindrichtung. Im Garten arbeitet Edwin an einer Steintreppe, die eine der Holztreppen auf einer der am weitesten entfernten Terrassen neben der Triade ersetzen soll. Durch die Entfernung der Holztreppe wird die Triade in der Landschaft deutlicher hervorgehoben und erh\u00e4lt die ihr geb\u00fchrende Aufmerksamkeit.<\/p>\n\n\n\n<div style=\"height:50px\" aria-hidden=\"true\" class=\"wp-block-spacer\"><\/div>\n\n\n\n<figure class=\"wp-block-gallery has-nested-images columns-default is-cropped wp-block-gallery-3 is-layout-flex wp-block-gallery-is-layout-flex\">\n<figure class=\"wp-block-image size-large\"><a href=\"https:\/\/nijar.org\/wp-content\/uploads\/2022\/08\/View-of-new-rooms.jpg\"><img loading=\"lazy\" decoding=\"async\" width=\"1024\" height=\"768\" data-id=\"1075\" src=\"https:\/\/nijar.org\/wp-content\/uploads\/2022\/08\/View-of-new-rooms-1024x768.jpg\" alt=\"\" class=\"wp-image-1075\" srcset=\"https:\/\/nijar.org\/wp-content\/uploads\/2022\/08\/View-of-new-rooms-1024x768.jpg 1024w, https:\/\/nijar.org\/wp-content\/uploads\/2022\/08\/View-of-new-rooms-600x450.jpg 600w, https:\/\/nijar.org\/wp-content\/uploads\/2022\/08\/View-of-new-rooms-300x225.jpg 300w, https:\/\/nijar.org\/wp-content\/uploads\/2022\/08\/View-of-new-rooms-768x576.jpg 768w, https:\/\/nijar.org\/wp-content\/uploads\/2022\/08\/View-of-new-rooms.jpg 1300w\" sizes=\"(max-width: 1024px) 100vw, 1024px\" \/><\/a><figcaption>Ansicht der neuen R\u00e4ume<\/figcaption><\/figure>\n<\/figure>\n\n\n\n<figure class=\"wp-block-gallery has-nested-images columns-default is-cropped wp-block-gallery-4 is-layout-flex wp-block-gallery-is-layout-flex\">\n<figure class=\"wp-block-image size-large\"><a href=\"https:\/\/nijar.org\/wp-content\/uploads\/2022\/08\/Porch-and-part-of-new-terrace-in-front-of-new-rooms.jpg\"><img loading=\"lazy\" decoding=\"async\" width=\"1024\" height=\"768\" data-id=\"1073\" src=\"https:\/\/nijar.org\/wp-content\/uploads\/2022\/08\/Porch-and-part-of-new-terrace-in-front-of-new-rooms-1024x768.jpg\" alt=\"\" class=\"wp-image-1073\" srcset=\"https:\/\/nijar.org\/wp-content\/uploads\/2022\/08\/Porch-and-part-of-new-terrace-in-front-of-new-rooms-1024x768.jpg 1024w, https:\/\/nijar.org\/wp-content\/uploads\/2022\/08\/Porch-and-part-of-new-terrace-in-front-of-new-rooms-600x450.jpg 600w, https:\/\/nijar.org\/wp-content\/uploads\/2022\/08\/Porch-and-part-of-new-terrace-in-front-of-new-rooms-300x225.jpg 300w, https:\/\/nijar.org\/wp-content\/uploads\/2022\/08\/Porch-and-part-of-new-terrace-in-front-of-new-rooms-768x576.jpg 768w, https:\/\/nijar.org\/wp-content\/uploads\/2022\/08\/Porch-and-part-of-new-terrace-in-front-of-new-rooms.jpg 1300w\" sizes=\"(max-width: 1024px) 100vw, 1024px\" \/><\/a><figcaption>Veranda und Teil der neuen Terrasse vor den neuen R\u00e4umen<\/figcaption><\/figure>\n<\/figure>\n\n\n\n<figure class=\"wp-block-gallery has-nested-images columns-default is-cropped wp-block-gallery-5 is-layout-flex wp-block-gallery-is-layout-flex\">\n<figure class=\"wp-block-image size-large\"><a href=\"https:\/\/nijar.org\/wp-content\/uploads\/2022\/08\/Porch-next-to-new-kitchen-door.jpg\"><img loading=\"lazy\" decoding=\"async\" width=\"768\" height=\"1024\" data-id=\"1074\" src=\"https:\/\/nijar.org\/wp-content\/uploads\/2022\/08\/Porch-next-to-new-kitchen-door-768x1024.jpg\" alt=\"\" class=\"wp-image-1074\" srcset=\"https:\/\/nijar.org\/wp-content\/uploads\/2022\/08\/Porch-next-to-new-kitchen-door-768x1024.jpg 768w, https:\/\/nijar.org\/wp-content\/uploads\/2022\/08\/Porch-next-to-new-kitchen-door-600x800.jpg 600w, https:\/\/nijar.org\/wp-content\/uploads\/2022\/08\/Porch-next-to-new-kitchen-door-225x300.jpg 225w, https:\/\/nijar.org\/wp-content\/uploads\/2022\/08\/Porch-next-to-new-kitchen-door-1152x1536.jpg 1152w, https:\/\/nijar.org\/wp-content\/uploads\/2022\/08\/Porch-next-to-new-kitchen-door.jpg 1300w\" sizes=\"(max-width: 768px) 100vw, 768px\" \/><\/a><figcaption>Veranda neben der neuen K\u00fcchent\u00fcr<\/figcaption><\/figure>\n\n\n\n<figure class=\"wp-block-image size-large\"><a href=\"https:\/\/nijar.org\/wp-content\/uploads\/2022\/08\/New-stone-stairway-in-progress-rotated.jpg\"><img loading=\"lazy\" decoding=\"async\" width=\"768\" height=\"1024\" data-id=\"1071\" src=\"https:\/\/nijar.org\/wp-content\/uploads\/2022\/08\/New-stone-stairway-in-progress-768x1024.jpg\" alt=\"\" class=\"wp-image-1071\" srcset=\"https:\/\/nijar.org\/wp-content\/uploads\/2022\/08\/New-stone-stairway-in-progress-768x1024.jpg 768w, https:\/\/nijar.org\/wp-content\/uploads\/2022\/08\/New-stone-stairway-in-progress-rotated-600x800.jpg 600w, https:\/\/nijar.org\/wp-content\/uploads\/2022\/08\/New-stone-stairway-in-progress-225x300.jpg 225w, https:\/\/nijar.org\/wp-content\/uploads\/2022\/08\/New-stone-stairway-in-progress-rotated.jpg 975w\" sizes=\"(max-width: 768px) 100vw, 768px\" \/><\/a><figcaption>Neue Steintreppe in Arbeit<\/figcaption><\/figure>\n<\/figure>","protected":false},"excerpt":{"rendered":"<p>Der Juli begann mit einer offiziellen Hitzewelle, aber auch nachdem die Hitzewelle vorbei war, blieb das Wetter den ganzen Monat \u00fcber gleich. F\u00fcr diejenigen, die morgens gerne fr\u00fch aufstehen, sind die Stunden zwischen 6 und 10 Uhr angenehm f\u00fcr die Arbeit im Freien, und danach bedeutet drau\u00dfen zu sein, Schatten zu suchen,...<\/p>","protected":false},"author":8,"featured_media":1068,"comment_status":"open","ping_status":"open","sticky":false,"template":"","format":"standard","meta":{"_kad_post_transparent":"","_kad_post_title":"","_kad_post_layout":"","_kad_post_sidebar_id":"","_kad_post_content_style":"","_kad_post_vertical_padding":"","_kad_post_feature":"","_kad_post_feature_position":"","_kad_post_header":false,"_kad_post_footer":false,"_kad_post_classname":"","footnotes":""},"categories":[1],"tags":[],"class_list":["post-1064","post","type-post","status-publish","format-standard","has-post-thumbnail","hentry","category-the-monthly-journal"],"aioseo_notices":[],"_links":{"self":[{"href":"https:\/\/nijar.org\/de\/wp-json\/wp\/v2\/posts\/1064","targetHints":{"allow":["GET"]}}],"collection":[{"href":"https:\/\/nijar.org\/de\/wp-json\/wp\/v2\/posts"}],"about":[{"href":"https:\/\/nijar.org\/de\/wp-json\/wp\/v2\/types\/post"}],"author":[{"embeddable":true,"href":"https:\/\/nijar.org\/de\/wp-json\/wp\/v2\/users\/8"}],"replies":[{"embeddable":true,"href":"https:\/\/nijar.org\/de\/wp-json\/wp\/v2\/comments?post=1064"}],"version-history":[{"count":0,"href":"https:\/\/nijar.org\/de\/wp-json\/wp\/v2\/posts\/1064\/revisions"}],"wp:featuredmedia":[{"embeddable":true,"href":"https:\/\/nijar.org\/de\/wp-json\/wp\/v2\/media\/1068"}],"wp:attachment":[{"href":"https:\/\/nijar.org\/de\/wp-json\/wp\/v2\/media?parent=1064"}],"wp:term":[{"taxonomy":"category","embeddable":true,"href":"https:\/\/nijar.org\/de\/wp-json\/wp\/v2\/categories?post=1064"},{"taxonomy":"post_tag","embeddable":true,"href":"https:\/\/nijar.org\/de\/wp-json\/wp\/v2\/tags?post=1064"}],"curies":[{"name":"wp","href":"https:\/\/api.w.org\/{rel}","templated":true}]}}